{"id":35621,"date":"2015-12-25T16:05:24","date_gmt":"2015-12-25T14:05:24","guid":{"rendered":"http:\/\/sana.sy\/es\/?p=35621"},"modified":"2015-12-25T17:59:47","modified_gmt":"2015-12-25T15:59:47","slug":"abdollahian-examina-con-de-mistura-el-tema-sirio","status":"publish","type":"post","link":"https:\/\/archive.sana.sy\/es\/?p=35621","title":{"rendered":"Abdollahian examina con de Mistura el tema sirio"},"content":{"rendered":"<p style=\"text-align: justify\"><span style=\"color: #800000\">Teher\u00e1n, SANA<\/span>&#8211; El Viceministro de Exteriores iran\u00ed para Asuntos \u00c1rabes y Africanos, Hossein Amir Abdollahian asegur\u00f3 que la soluci\u00f3n a la crisis en Siria est\u00e1 relacionada con el\u00a0\u00a0 respeto de la soberan\u00eda, la independencia y la integridad territorial del pa\u00eds y el\u00a0\u00a0respeto de \u00a0la voluntad del pueblo sirio, de acuerdo con los principios del di\u00e1logo entre el gobierno sirio y la oposici\u00f3n.<\/p>\n<p style=\"text-align: justify\">Abdollahian subray\u00f3 durante una conversaci\u00f3n telef\u00f3nica con el enviado especial del Secretario General de las Naciones Unidas a Siria Staffan de Mistura que Ir\u00e1n considera que el di\u00e1logo nacional debe ser bajo los auspicios de las Naciones Unidas.<\/p>\n<p style=\"text-align: justify\">El alto funcionario iran\u00ed hizo hincapi\u00e9 en la necesidad de tratar el tema de la lucha contra el terrorismo con mucha seriedad, en paralelo con el proceso pol\u00edtico en Siria y dijo: &#8220;La determinaci\u00f3n de una lista de organizaciones terroristas en Siria es una tarea que pertenece al grupo de apoyo internacional a Siria.&#8221;<\/p>\n<p style=\"text-align: justify\">A su vez, de Mistura dijo que respetar el punto de vista del pueblo sirio y la preservaci\u00f3n de la integridad del territorio sirio es uno de los principios y fundamentos de las Naciones Unidas , expresando su esperanza de comenzar el dialogo pol\u00edtico sirio a finales de este mes.<\/p>\n<p>M.Miri<\/p>\n","protected":false},"excerpt":{"rendered":"<p>Teher\u00e1n, SANA&#8211; El Viceministro de Exteriores iran\u00ed para Asuntos \u00c1rabes y Africanos, Hossein Amir Abdollahian asegur\u00f3 que la soluci\u00f3n a la crisis en Siria est\u00e1 relacionada con el\u00a0\u00a0 respeto de la soberan\u00eda, la independencia y la integridad territorial del pa\u00eds y el\u00a0\u00a0respeto de \u00a0la voluntad del pueblo sirio, de acuerdo con los principios del di\u00e1logo &hellip;<\/p>\n","protected":false},"author":1,"featured_media":35622,"comment_status":"closed","ping_status":"closed","sticky":false,"template":"","format":"standard","meta":{"footnotes":""},"categories":[467,7541],"tags":[7670],"class_list":["post-35621","post","type-post","status-publish","format-standard","has-post-thumbnail","","category-siria-y-el-mundo","category-ultimas-noticias","tag-abdollahian-examina-con-de-mistura-el-tema-sirio"],"_links":{"self":[{"href":"https:\/\/archive.sana.sy\/es\/index.php?rest_route=\/wp\/v2\/posts\/35621"}],"collection":[{"href":"https:\/\/archive.sana.sy\/es\/index.php?rest_route=\/wp\/v2\/posts"}],"about":[{"href":"https:\/\/archive.sana.sy\/es\/index.php?rest_route=\/wp\/v2\/types\/post"}],"author":[{"embeddable":true,"href":"https:\/\/archive.sana.sy\/es\/index.php?rest_route=\/wp\/v2\/users\/1"}],"replies":[{"embeddable":true,"href":"https:\/\/archive.sana.sy\/es\/index.php?rest_route=%2Fwp%2Fv2%2Fcomments&post=35621"}],"version-history":[{"count":0,"href":"https:\/\/archive.sana.sy\/es\/index.php?rest_route=\/wp\/v2\/posts\/35621\/revisions"}],"wp:featuredmedia":[{"embeddable":true,"href":"https:\/\/archive.sana.sy\/es\/index.php?rest_route=\/wp\/v2\/media\/35622"}],"wp:attachment":[{"href":"https:\/\/archive.sana.sy\/es\/index.php?rest_route=%2Fwp%2Fv2%2Fmedia&parent=35621"}],"wp:term":[{"taxonomy":"category","embeddable":true,"href":"https:\/\/archive.sana.sy\/es\/index.php?rest_route=%2Fwp%2Fv2%2Fcategories&post=35621"},{"taxonomy":"post_tag","embeddable":true,"href":"https:\/\/archive.sana.sy\/es\/index.php?rest_route=%2Fwp%2Fv2%2Ftags&post=35621"}],"curies":[{"name":"wp","href":"https:\/\/api.w.org\/{rel}","templated":true}]}}