{"id":3563,"date":"2014-06-26T14:19:28","date_gmt":"2014-06-26T11:19:28","guid":{"rendered":"http:\/\/www.sana.sy\/es\/?p=3563"},"modified":"2014-06-26T19:09:03","modified_gmt":"2014-06-26T16:09:03","slug":"el-comite-de-seguimiento-del-dialogo-nacional-reitera-que-el-dialogo-es-la-unica-via-para-resolver-la-crisis-siria","status":"publish","type":"post","link":"https:\/\/archive.sana.sy\/es\/?p=3563","title":{"rendered":"El Comit\u00e9 de Seguimiento del Di\u00e1logo Nacional reitera que el di\u00e1logo es la \u00fanica v\u00eda para resolver la crisis siria"},"content":{"rendered":"<p>&nbsp;<\/p>\n<p>Damasco, SANA<\/p>\n<p>El Comit\u00e9 de Seguimiento de Dialogo Nacional abord\u00f3 ayer la declaraci\u00f3n emitida por el Foro de Di\u00e1logo Nacional en marzo del a\u00f1o pasado.<\/p>\n<p>En un comunicado, el Comit\u00e9 recalc\u00f3 que la soluci\u00f3n de la crisis siria se alcanza por medio de un di\u00e1logo intersirio que debe realizarse sobre el suelo sirio, instando a los sirios dentro y fuera del pa\u00eds a participar en el mismo.<\/p>\n<p>Asimismo dirigi\u00f3 un llamamiento al gobierno sirio a celebrar una conferencia de di\u00e1logo nacional lo antes posible, y de implementar las reformas ya planteadas.<br \/>\nPor otro lado, elogi\u00f3 las victorias del ej\u00e9rcito sirio contra el terrorismo, y las reconciliaciones nacionales logradas en varias zonas del pa\u00eds.<\/p>\n<p>El Comit\u00e9 destac\u00f3 que la amplia participaci\u00f3n de los sirios en las elecciones presidenciales reflej\u00f3 la decisi\u00f3n soberana del pueblo sirio.<\/p>\n<p>Al t\u00e9rmino de la misiva, el Comit\u00e9 felicit\u00f3 al presidente Bashar al-Assad por su triunfo electoral y al pueblo sirio por el \u00e9xito de las elecciones presidenciales que se desarrollaron en su fecha prevista, pese a los actos terroristas y las amenazas lanzadas contra los colegios electorales.<\/p>\n<p>Es de se\u00f1alar que el Comit\u00e9 hab\u00eda celebrado el Foro del Di\u00e1logo Nacional el 24 y 25 de marzo del a\u00f1o 2014, el cual cont\u00f3 con la presencia de 700 figuras nacionales.<\/p>\n<p>lynn M., Ryad Sh.<\/p>\n","protected":false},"excerpt":{"rendered":"<p>&nbsp; Damasco, SANA El Comit\u00e9 de Seguimiento de Dialogo Nacional abord\u00f3 ayer la declaraci\u00f3n emitida por el Foro de Di\u00e1logo Nacional en marzo del a\u00f1o pasado. En un comunicado, el Comit\u00e9 recalc\u00f3 que la soluci\u00f3n de la crisis siria se alcanza por medio de un di\u00e1logo intersirio que debe realizarse sobre el suelo sirio, instando &hellip;<\/p>\n","protected":false},"author":1,"featured_media":3564,"comment_status":"closed","ping_status":"closed","sticky":false,"template":"","format":"standard","meta":{"footnotes":""},"categories":[447,576],"tags":[826],"class_list":["post-3563","post","type-post","status-publish","format-standard","has-post-thumbnail","","category-local-politica","category-noticias-politicas","tag-el-comite-de-seguimiento-del-dialogo-nacional-reitera-que-el-dialogo-es-la-unica-via-para-resolver-la-crisis-siria"],"_links":{"self":[{"href":"https:\/\/archive.sana.sy\/es\/index.php?rest_route=\/wp\/v2\/posts\/3563"}],"collection":[{"href":"https:\/\/archive.sana.sy\/es\/index.php?rest_route=\/wp\/v2\/posts"}],"about":[{"href":"https:\/\/archive.sana.sy\/es\/index.php?rest_route=\/wp\/v2\/types\/post"}],"author":[{"embeddable":true,"href":"https:\/\/archive.sana.sy\/es\/index.php?rest_route=\/wp\/v2\/users\/1"}],"replies":[{"embeddable":true,"href":"https:\/\/archive.sana.sy\/es\/index.php?rest_route=%2Fwp%2Fv2%2Fcomments&post=3563"}],"version-history":[{"count":0,"href":"https:\/\/archive.sana.sy\/es\/index.php?rest_route=\/wp\/v2\/posts\/3563\/revisions"}],"wp:featuredmedia":[{"embeddable":true,"href":"https:\/\/archive.sana.sy\/es\/index.php?rest_route=\/wp\/v2\/media\/3564"}],"wp:attachment":[{"href":"https:\/\/archive.sana.sy\/es\/index.php?rest_route=%2Fwp%2Fv2%2Fmedia&parent=3563"}],"wp:term":[{"taxonomy":"category","embeddable":true,"href":"https:\/\/archive.sana.sy\/es\/index.php?rest_route=%2Fwp%2Fv2%2Fcategories&post=3563"},{"taxonomy":"post_tag","embeddable":true,"href":"https:\/\/archive.sana.sy\/es\/index.php?rest_route=%2Fwp%2Fv2%2Ftags&post=3563"}],"curies":[{"name":"wp","href":"https:\/\/api.w.org\/{rel}","templated":true}]}}