{"id":356301,"date":"2025-06-16T17:29:13","date_gmt":"2025-06-16T14:29:13","guid":{"rendered":"https:\/\/sana.sy\/es\/?p=356301"},"modified":"2025-06-16T17:29:13","modified_gmt":"2025-06-16T14:29:13","slug":"ministro-de-economia-se-reune-con-delegacion-de-la-camara-de-comercio-arabe-austriaca","status":"publish","type":"post","link":"https:\/\/archive.sana.sy\/es\/?p=356301","title":{"rendered":"Ministro de Econom\u00eda se re\u00fane con delegaci\u00f3n de la C\u00e1mara de Comercio \u00c1rabe-Austr\u00edaca"},"content":{"rendered":"<p style=\"text-align: justify;\"><span style=\"color: #800000;\"><strong>Damasco, 16 jun (SANA)\u00a0<\/strong><\/span> El ministro de Econom\u00eda e Industria, Mohammad Nidal Al-Shaar, se reuni\u00f3 con una delegaci\u00f3n de la C\u00e1mara de Comercio \u00c1rabe-Austr\u00edaca, encabezada por Louay Al-Kuzbari, para analizar formas de fortalecer la cooperaci\u00f3n en los \u00e1mbitos econ\u00f3mico e industrial.<\/p>\n<p style=\"text-align: justify;\">El encuentro, celebrado hoy en la sede del ministerio, abord\u00f3 la ampliaci\u00f3n de la colaboraci\u00f3n en proyectos de inversi\u00f3n, tanto actuales como futuros, en el contexto de la fase de reconstrucci\u00f3n que vive el pa\u00eds y el levantamiento de las sanciones.<\/p>\n<p style=\"text-align: justify;\">Esta cooperaci\u00f3n facilitar\u00eda el flujo de inversiones sin restricciones hacia todos los sectores que enfrentaron desaf\u00edos durante el depuesto r\u00e9gimen.<\/p>\n","protected":false},"excerpt":{"rendered":"<p>Damasco, 16 jun (SANA)\u00a0 El ministro de Econom\u00eda e Industria, Mohammad Nidal Al-Shaar, se reuni\u00f3 con una delegaci\u00f3n de la C\u00e1mara de Comercio \u00c1rabe-Austr\u00edaca, encabezada por Louay Al-Kuzbari, para analizar formas de fortalecer la cooperaci\u00f3n en los \u00e1mbitos econ\u00f3mico e industrial. El encuentro, celebrado hoy en la sede del ministerio, abord\u00f3 la ampliaci\u00f3n de la &hellip;<\/p>\n","protected":false},"author":31,"featured_media":356303,"comment_status":"closed","ping_status":"closed","sticky":false,"template":"","format":"standard","meta":{"footnotes":""},"categories":[597,476,7541],"tags":[],"class_list":["post-356301","post","type-post","status-publish","format-standard","has-post-thumbnail","","category-cinta-de-noticias","category-locales","category-ultimas-noticias"],"_links":{"self":[{"href":"https:\/\/archive.sana.sy\/es\/index.php?rest_route=\/wp\/v2\/posts\/356301"}],"collection":[{"href":"https:\/\/archive.sana.sy\/es\/index.php?rest_route=\/wp\/v2\/posts"}],"about":[{"href":"https:\/\/archive.sana.sy\/es\/index.php?rest_route=\/wp\/v2\/types\/post"}],"author":[{"embeddable":true,"href":"https:\/\/archive.sana.sy\/es\/index.php?rest_route=\/wp\/v2\/users\/31"}],"replies":[{"embeddable":true,"href":"https:\/\/archive.sana.sy\/es\/index.php?rest_route=%2Fwp%2Fv2%2Fcomments&post=356301"}],"version-history":[{"count":1,"href":"https:\/\/archive.sana.sy\/es\/index.php?rest_route=\/wp\/v2\/posts\/356301\/revisions"}],"predecessor-version":[{"id":356304,"href":"https:\/\/archive.sana.sy\/es\/index.php?rest_route=\/wp\/v2\/posts\/356301\/revisions\/356304"}],"wp:featuredmedia":[{"embeddable":true,"href":"https:\/\/archive.sana.sy\/es\/index.php?rest_route=\/wp\/v2\/media\/356303"}],"wp:attachment":[{"href":"https:\/\/archive.sana.sy\/es\/index.php?rest_route=%2Fwp%2Fv2%2Fmedia&parent=356301"}],"wp:term":[{"taxonomy":"category","embeddable":true,"href":"https:\/\/archive.sana.sy\/es\/index.php?rest_route=%2Fwp%2Fv2%2Fcategories&post=356301"},{"taxonomy":"post_tag","embeddable":true,"href":"https:\/\/archive.sana.sy\/es\/index.php?rest_route=%2Fwp%2Fv2%2Ftags&post=356301"}],"curies":[{"name":"wp","href":"https:\/\/api.w.org\/{rel}","templated":true}]}}