{"id":35638,"date":"2015-12-25T18:40:51","date_gmt":"2015-12-25T16:40:51","guid":{"rendered":"http:\/\/sana.sy\/es\/?p=35638"},"modified":"2015-12-25T18:40:51","modified_gmt":"2015-12-25T16:40:51","slug":"turquia-es-el-lugar-mas-seguro-para-establecer-campos-de-entrenamiento-para-ei-confiesa-un-terrorista","status":"publish","type":"post","link":"https:\/\/archive.sana.sy\/es\/?p=35638","title":{"rendered":"Turqu\u00eda es el lugar m\u00e1s seguro para establecer campos de entrenamiento para (EI), confiesa un terrorista"},"content":{"rendered":"<p style=\"text-align: justify\"><span style=\"color: #800000\">Mosc\u00fa, SANA<\/span>&#8211; El terrorista Abdel -Rahman Abdel -Hadi confes\u00f3 haber recibido su entrenamiento en un campamento de la organizaci\u00f3n terrorista de Daesh en suelo turco tras la confirmaci\u00f3n de unos cabecillas del (EI) de que Turqu\u00eda es el lugar m\u00e1s seguro para establecer estos campamentos de entrenamiento.<\/p>\n<p style=\"text-align: justify\">El terrorista Abdel Hadi, que ha sido detenido por las unidades de Protecci\u00f3n Popular en el norte de Siria, dijo a la Agencia rusa de noticias \/ Sputnik \/, que se uni\u00f3 a \/ Daesh \/ en el a\u00f1o 2013 y se someti\u00f3 a entrenamientos en un campamento en Turqu\u00eda, indicando que un gran n\u00famero de turcos se incorporaron a las filas de la organizaci\u00f3n terrorista.<\/p>\n<p style=\"text-align: justify\">Abdel-Hadi agreg\u00f3 que algunos medios de comunicaci\u00f3n afirmaron que el campamento donde recibi\u00f3 su entrenamiento en Turqu\u00eda pertenec\u00eda al llamado Ejercito Libre Sirio \/ FSA \/, pero en realidad todos los que estaban ah\u00ed sab\u00edan que pertenec\u00eda a la organizaci\u00f3n Daesh, se\u00f1alando que su principal tarea dentro de la organizaci\u00f3n era comunicarse con los potenciales reclutas para ayudarles a llegar a Turqu\u00eda para unirse a la organizaci\u00f3n y luego enviarlos a diferentes \u00e1reas en Siria.<\/p>\n<p>M.Miri<\/p>\n","protected":false},"excerpt":{"rendered":"<p>Mosc\u00fa, SANA&#8211; El terrorista Abdel -Rahman Abdel -Hadi confes\u00f3 haber recibido su entrenamiento en un campamento de la organizaci\u00f3n terrorista de Daesh en suelo turco tras la confirmaci\u00f3n de unos cabecillas del (EI) de que Turqu\u00eda es el lugar m\u00e1s seguro para establecer estos campamentos de entrenamiento. El terrorista Abdel Hadi, que ha sido detenido &hellip;<\/p>\n","protected":false},"author":1,"featured_media":35639,"comment_status":"closed","ping_status":"closed","sticky":false,"template":"","format":"standard","meta":{"footnotes":""},"categories":[467,7541],"tags":[7675,7674],"class_list":["post-35638","post","type-post","status-publish","format-standard","has-post-thumbnail","","category-siria-y-el-mundo","category-ultimas-noticias","tag-confiesa-un-terrorista","tag-turquia-es-el-lugar-mas-seguro-para-establecer-campos-de-entrenamiento-para-ei"],"_links":{"self":[{"href":"https:\/\/archive.sana.sy\/es\/index.php?rest_route=\/wp\/v2\/posts\/35638"}],"collection":[{"href":"https:\/\/archive.sana.sy\/es\/index.php?rest_route=\/wp\/v2\/posts"}],"about":[{"href":"https:\/\/archive.sana.sy\/es\/index.php?rest_route=\/wp\/v2\/types\/post"}],"author":[{"embeddable":true,"href":"https:\/\/archive.sana.sy\/es\/index.php?rest_route=\/wp\/v2\/users\/1"}],"replies":[{"embeddable":true,"href":"https:\/\/archive.sana.sy\/es\/index.php?rest_route=%2Fwp%2Fv2%2Fcomments&post=35638"}],"version-history":[{"count":0,"href":"https:\/\/archive.sana.sy\/es\/index.php?rest_route=\/wp\/v2\/posts\/35638\/revisions"}],"wp:featuredmedia":[{"embeddable":true,"href":"https:\/\/archive.sana.sy\/es\/index.php?rest_route=\/wp\/v2\/media\/35639"}],"wp:attachment":[{"href":"https:\/\/archive.sana.sy\/es\/index.php?rest_route=%2Fwp%2Fv2%2Fmedia&parent=35638"}],"wp:term":[{"taxonomy":"category","embeddable":true,"href":"https:\/\/archive.sana.sy\/es\/index.php?rest_route=%2Fwp%2Fv2%2Fcategories&post=35638"},{"taxonomy":"post_tag","embeddable":true,"href":"https:\/\/archive.sana.sy\/es\/index.php?rest_route=%2Fwp%2Fv2%2Ftags&post=35638"}],"curies":[{"name":"wp","href":"https:\/\/api.w.org\/{rel}","templated":true}]}}