{"id":35642,"date":"2015-12-25T23:30:18","date_gmt":"2015-12-25T21:30:18","guid":{"rendered":"http:\/\/sana.sy\/es\/?p=35642"},"modified":"2015-12-26T13:13:32","modified_gmt":"2015-12-26T11:13:32","slug":"fuerza-aerea-siria-elimina-al-lider-de-la-organizacion-terrorista-del-ejercito-del-islam","status":"publish","type":"post","link":"https:\/\/archive.sana.sy\/es\/?p=35642","title":{"rendered":"Fuerza A\u00e9rea siria elimina al l\u00edder de la organizaci\u00f3n terrorista del \u201cEj\u00e9rcito del Islam\u201d"},"content":{"rendered":"<p><span style=\"color: #800000\">Damasco, SANA<\/span><\/p>\n<p>La Comandancia General del Ej\u00e9rcito y las Fuerzas Armadas confirm\u00f3 la muerte del terrorista Zahran Aloush&#8221; y de un n\u00famero de l\u00edderes de las organizaciones terroristas del &#8220;Ej\u00e9rcito del Islam\u201d, el \u201cMovimiento de Libres del Levante\u201d y la \u201cLegi\u00f3n Al Rahman\u201d, en una operaci\u00f3n llevada a cabo por los aviones de combate sirios contra sedes de los terroristas en la zona de Ghouta Oriental, al este de la capital Damasco.<\/p>\n<p>En un comunicado, la Comandancia del Ej\u00e9rcito sirio explic\u00f3 que &#8220;despu\u00e9s de una serie de operaciones de seguimiento y vigilancia, y al obtener precisas informaciones de inteligencia gracias a la cooperaci\u00f3n de los ciudadanos, la Fuerza A\u00e9rea llev\u00f3 a cabo ataques a\u00e9reos contra cuarteles y posiciones de las organizaciones terroristas en la zona de Ghouta Este.<\/p>\n<p>El comunicado a\u00f1adi\u00f3 que los ataques eliminaron al terrorista Zahran Aloush, l\u00edder del llamado &#8220;Ej\u00e9rcito del Islam&#8221; y a un gran n\u00famero de comandantes de las organizaciones terroristas del &#8220;Ej\u00e9rcito del Islam\u201d, el \u201cMovimientos Isl\u00e1mico de Libres del Levante\u201d y la \u201cLegi\u00f3n Al Rahman\u201d, que son responsables del lanzamiento de cohetes y morteros contra los barrios residenciales de Damasco.<\/p>\n<p>El Comando General del Ej\u00e9rcito afirma al final de su comunicado su &#8220;intenci\u00f3n y determinaci\u00f3n de proseguir sus tareas en la lucha contra el terrorismo&#8221;, pidiendo al mismo tiempo a &#8220;todas las personas que llevan armas contra el Estado para que abandonen sus armas y normalicen su situaci\u00f3n y contribuir a la protecci\u00f3n de la patria y la limpieza de su suelo del terrorismo&#8221;.<\/p>\n<p><span style=\"color: #800000\">Fuerza A\u00e9rea Siria elimina en un operativo preciso al cabecilla Aloush<\/span><\/p>\n<p>https:\/\/youtu.be\/z2gzAynGrhU<\/p>\n<p>&nbsp;<\/p>\n<p>Fady M., Lynn A.<\/p>\n","protected":false},"excerpt":{"rendered":"<p>Damasco, SANA La Comandancia General del Ej\u00e9rcito y las Fuerzas Armadas confirm\u00f3 la muerte del terrorista Zahran Aloush&#8221; y de un n\u00famero de l\u00edderes de las organizaciones terroristas del &#8220;Ej\u00e9rcito del Islam\u201d, el \u201cMovimiento de Libres del Levante\u201d y la \u201cLegi\u00f3n Al Rahman\u201d, en una operaci\u00f3n llevada a cabo por los aviones de combate sirios &hellip;<\/p>\n","protected":false},"author":24,"featured_media":31478,"comment_status":"closed","ping_status":"closed","sticky":false,"template":"","format":"standard","meta":{"footnotes":""},"categories":[477,597,573,476,7541],"tags":[],"class_list":["post-35642","post","type-post","status-publish","format-standard","has-post-thumbnail","","category-noticias-edulcorantes","category-cinta-de-noticias","category-la-realidad-de-los-acontecimientos-en-siria","category-locales","category-ultimas-noticias"],"_links":{"self":[{"href":"https:\/\/archive.sana.sy\/es\/index.php?rest_route=\/wp\/v2\/posts\/35642"}],"collection":[{"href":"https:\/\/archive.sana.sy\/es\/index.php?rest_route=\/wp\/v2\/posts"}],"about":[{"href":"https:\/\/archive.sana.sy\/es\/index.php?rest_route=\/wp\/v2\/types\/post"}],"author":[{"embeddable":true,"href":"https:\/\/archive.sana.sy\/es\/index.php?rest_route=\/wp\/v2\/users\/24"}],"replies":[{"embeddable":true,"href":"https:\/\/archive.sana.sy\/es\/index.php?rest_route=%2Fwp%2Fv2%2Fcomments&post=35642"}],"version-history":[{"count":0,"href":"https:\/\/archive.sana.sy\/es\/index.php?rest_route=\/wp\/v2\/posts\/35642\/revisions"}],"wp:featuredmedia":[{"embeddable":true,"href":"https:\/\/archive.sana.sy\/es\/index.php?rest_route=\/wp\/v2\/media\/31478"}],"wp:attachment":[{"href":"https:\/\/archive.sana.sy\/es\/index.php?rest_route=%2Fwp%2Fv2%2Fmedia&parent=35642"}],"wp:term":[{"taxonomy":"category","embeddable":true,"href":"https:\/\/archive.sana.sy\/es\/index.php?rest_route=%2Fwp%2Fv2%2Fcategories&post=35642"},{"taxonomy":"post_tag","embeddable":true,"href":"https:\/\/archive.sana.sy\/es\/index.php?rest_route=%2Fwp%2Fv2%2Ftags&post=35642"}],"curies":[{"name":"wp","href":"https:\/\/api.w.org\/{rel}","templated":true}]}}