{"id":35644,"date":"2015-12-25T23:45:48","date_gmt":"2015-12-25T21:45:48","guid":{"rendered":"http:\/\/sana.sy\/es\/?p=35644"},"modified":"2015-12-26T15:49:00","modified_gmt":"2015-12-26T13:49:00","slug":"damasco-denuncia-recientes-declaraciones-del-canciller-qatari","status":"publish","type":"post","link":"https:\/\/archive.sana.sy\/es\/?p=35644","title":{"rendered":"Damasco denuncia recientes declaraciones del canciller qatar\u00ed"},"content":{"rendered":"<p><span style=\"color: #800000\">Damasco, SANA<\/span><\/p>\n<p>El ministro de Informaci\u00f3n, Omran Al Zoubi, coment\u00f3 sobre las recientes declaraciones del canciller qatar\u00ed Khalid Al Attiyah diciendo: \u201csi Al Attiyah no sabe la raz\u00f3n que impulsa a algunos a levantar armas contra el Estado sirio, es mejor que pida a la inteligencia de su pa\u00eds y a sus amos en Occidente para que le expliquen que su problema con Siria se debe a los firmes y soberanos principios del Estado sirio que no ha sido y nunca ser\u00e1 un Estado humillado y lacayo como el \u201cEmirato de Qatar\u201d.<\/p>\n<p>Al Zoubi dijo que \u201cla defensa de Al Attiyah al terrorismo no s\u00f3lo refleja la implicaci\u00f3n de Qatar en el terrorismo internacional sino que tambi\u00e9n su insistencia de seguir apoyando al terrorismo a pesar de las resoluciones de las Naciones Unidas, en particular la resoluci\u00f3n No. 2253 que fue emitida recientemente\u201d.<\/p>\n<p>El ministro sirio agreg\u00f3 que \u201csi hay que rendir cuentas a alguien por lo ocurrido en Siria ser\u00eda a Al Attiyah y a sus amos en Arabia Saudita y Turqu\u00eda\u201d.<\/p>\n<p>Por \u00faltimo, el titular sirio de Informaci\u00f3n destac\u00f3 que \u201clos cancilleres de Qatar y Arabia Saudita se parecen en sus declaraciones al teatro de sombras, hacen re\u00edr al p\u00fablico que se pregunta cu\u00e1l es el m\u00e1s tonto\u201d.<\/p>\n<p>&nbsp;<\/p>\n<p>&nbsp;<\/p>\n<p>Fady M., Lynn A.<\/p>\n","protected":false},"excerpt":{"rendered":"<p>Damasco, SANA El ministro de Informaci\u00f3n, Omran Al Zoubi, coment\u00f3 sobre las recientes declaraciones del canciller qatar\u00ed Khalid Al Attiyah diciendo: \u201csi Al Attiyah no sabe la raz\u00f3n que impulsa a algunos a levantar armas contra el Estado sirio, es mejor que pida a la inteligencia de su pa\u00eds y a sus amos en Occidente &hellip;<\/p>\n","protected":false},"author":24,"featured_media":15371,"comment_status":"closed","ping_status":"closed","sticky":false,"template":"","format":"standard","meta":{"footnotes":""},"categories":[477,597,476,7541],"tags":[],"class_list":["post-35644","post","type-post","status-publish","format-standard","has-post-thumbnail","","category-noticias-edulcorantes","category-cinta-de-noticias","category-locales","category-ultimas-noticias"],"_links":{"self":[{"href":"https:\/\/archive.sana.sy\/es\/index.php?rest_route=\/wp\/v2\/posts\/35644"}],"collection":[{"href":"https:\/\/archive.sana.sy\/es\/index.php?rest_route=\/wp\/v2\/posts"}],"about":[{"href":"https:\/\/archive.sana.sy\/es\/index.php?rest_route=\/wp\/v2\/types\/post"}],"author":[{"embeddable":true,"href":"https:\/\/archive.sana.sy\/es\/index.php?rest_route=\/wp\/v2\/users\/24"}],"replies":[{"embeddable":true,"href":"https:\/\/archive.sana.sy\/es\/index.php?rest_route=%2Fwp%2Fv2%2Fcomments&post=35644"}],"version-history":[{"count":0,"href":"https:\/\/archive.sana.sy\/es\/index.php?rest_route=\/wp\/v2\/posts\/35644\/revisions"}],"wp:featuredmedia":[{"embeddable":true,"href":"https:\/\/archive.sana.sy\/es\/index.php?rest_route=\/wp\/v2\/media\/15371"}],"wp:attachment":[{"href":"https:\/\/archive.sana.sy\/es\/index.php?rest_route=%2Fwp%2Fv2%2Fmedia&parent=35644"}],"wp:term":[{"taxonomy":"category","embeddable":true,"href":"https:\/\/archive.sana.sy\/es\/index.php?rest_route=%2Fwp%2Fv2%2Fcategories&post=35644"},{"taxonomy":"post_tag","embeddable":true,"href":"https:\/\/archive.sana.sy\/es\/index.php?rest_route=%2Fwp%2Fv2%2Ftags&post=35644"}],"curies":[{"name":"wp","href":"https:\/\/api.w.org\/{rel}","templated":true}]}}