{"id":35658,"date":"2015-12-25T18:27:11","date_gmt":"2015-12-25T16:27:11","guid":{"rendered":"http:\/\/sana.sy\/es\/?p=35658"},"modified":"2015-12-26T13:31:11","modified_gmt":"2015-12-26T11:31:11","slug":"cristianos-de-siria-celebran-la-navidad","status":"publish","type":"post","link":"https:\/\/archive.sana.sy\/es\/?p=35658","title":{"rendered":"Cristianos de Siria celebran la Navidad"},"content":{"rendered":"<p><span style=\"color: #800000\">Damasco, SANA<\/span><\/p>\n<p>Con misas y oraciones, las comunidades cristianas en Siria han celebrado la Navidad, fecha del nacimiento de Jes\u00fas Cristo, mensajero del amor y la paz.<\/p>\n<p>En la C\u00e1tedra de Mar George para Sir\u00edacos Ortodoxos en Damasco, se efectu\u00f3 una Misa que fue presidida por Su Santidad el Patriarca Mar Ignacio Efr\u00e9n II, Patriarca de Antioqu\u00eda y Todo Oriente y Jefe Supremo de la Iglesia Sir\u00edaca Ortodoxa en el mundo.<\/p>\n<p>El patriarca Efr\u00e9n II habl\u00f3 sobre los nobles significados de esta gran ocasi\u00f3n haciendo hincapi\u00e9 en que la Navidad es un mensaje de amor, paz e igualdad entre los seres humanos.<\/p>\n<p>Asimismo, explic\u00f3 que Siria est\u00e1 sufriendo por quinto a\u00f1o de una guerra librada en su contra y apunta a la destrucci\u00f3n del hombre sirio y a su patria\u201d.<\/p>\n<p><img loading=\"lazy\" decoding=\"async\" class=\"aligncenter size-medium wp-image-35660\" src=\"http:\/\/sana.sy\/es\/wp-content\/uploads\/2015\/12\/cristianos-celebran-Navidad-300x150.jpg\" alt=\"cristianos celebran Navidad\" width=\"300\" height=\"150\" srcset=\"https:\/\/archive.sana.sy\/es\/wp-content\/uploads\/2015\/12\/cristianos-celebran-Navidad-300x150.jpg 300w, https:\/\/archive.sana.sy\/es\/wp-content\/uploads\/2015\/12\/cristianos-celebran-Navidad-150x75.jpg 150w, https:\/\/archive.sana.sy\/es\/wp-content\/uploads\/2015\/12\/cristianos-celebran-Navidad.jpg 660w\" sizes=\"(max-width: 300px) 100vw, 300px\" \/><\/p>\n<p>El Patriarca consider\u00f3 que algunos Estados abrieron sus puertas para que los cristianos sirios emigren y al mismo tiempo han dejado al EI y a las organizaciones terroristas matar y a asesinar lo cual muestra que existe un acuerdo entre ellos del cual se beneficia aquellos que quieren vaciar a Siria de los cristianos.<\/p>\n<p>&#8220;Nosotros somos sirios y est\u00e1bamos en esta tierra desde hace miles de a\u00f1os, y estamos enraizados aqu\u00ed y no abandonaremos a Siria\u201d, dijo su Santidad.<\/p>\n<p>En todas las provincias sirias, se efectuaron oraciones y mismas con motivo de la Navidad.<br \/>\nLos sermones enfatizaron en los significados benevolentes y nobles del nacimiento de Jesucristo, que encarnaba el esp\u00edritu de hermandad, amor y paz.<\/p>\n<p>Los patriarcas y los arzobispos afirmaron en sus sermones, que Siria permanecer\u00e1 bajo el liderazgo del presidente al-Assad, como un oasis para la difusi\u00f3n de la cultura del amor y la paz.<\/p>\n<p>Participaron en las misas y en las celebraciones por la Navidad varios ulemas musulmanes y diputados del Parlamentos.<\/p>\n<p>De igual manera, fueron iluminados \u00e1rboles de Navidad en las diferentes ciudades sirias y se efectuaron ceremonias navide\u00f1as.<\/p>\n<p>&nbsp;<\/p>\n<p>https:\/\/youtu.be\/6BFAJjjkD-4<\/p>\n<p>&nbsp;<\/p>\n<p>Fady M., Lynn A.<\/p>\n","protected":false},"excerpt":{"rendered":"<p>Damasco, SANA Con misas y oraciones, las comunidades cristianas en Siria han celebrado la Navidad, fecha del nacimiento de Jes\u00fas Cristo, mensajero del amor y la paz. En la C\u00e1tedra de Mar George para Sir\u00edacos Ortodoxos en Damasco, se efectu\u00f3 una Misa que fue presidida por Su Santidad el Patriarca Mar Ignacio Efr\u00e9n II, Patriarca &hellip;<\/p>\n","protected":false},"author":24,"featured_media":35659,"comment_status":"closed","ping_status":"closed","sticky":false,"template":"","format":"standard","meta":{"footnotes":""},"categories":[477,597,476,7541],"tags":[],"class_list":["post-35658","post","type-post","status-publish","format-standard","has-post-thumbnail","","category-noticias-edulcorantes","category-cinta-de-noticias","category-locales","category-ultimas-noticias"],"_links":{"self":[{"href":"https:\/\/archive.sana.sy\/es\/index.php?rest_route=\/wp\/v2\/posts\/35658"}],"collection":[{"href":"https:\/\/archive.sana.sy\/es\/index.php?rest_route=\/wp\/v2\/posts"}],"about":[{"href":"https:\/\/archive.sana.sy\/es\/index.php?rest_route=\/wp\/v2\/types\/post"}],"author":[{"embeddable":true,"href":"https:\/\/archive.sana.sy\/es\/index.php?rest_route=\/wp\/v2\/users\/24"}],"replies":[{"embeddable":true,"href":"https:\/\/archive.sana.sy\/es\/index.php?rest_route=%2Fwp%2Fv2%2Fcomments&post=35658"}],"version-history":[{"count":0,"href":"https:\/\/archive.sana.sy\/es\/index.php?rest_route=\/wp\/v2\/posts\/35658\/revisions"}],"wp:featuredmedia":[{"embeddable":true,"href":"https:\/\/archive.sana.sy\/es\/index.php?rest_route=\/wp\/v2\/media\/35659"}],"wp:attachment":[{"href":"https:\/\/archive.sana.sy\/es\/index.php?rest_route=%2Fwp%2Fv2%2Fmedia&parent=35658"}],"wp:term":[{"taxonomy":"category","embeddable":true,"href":"https:\/\/archive.sana.sy\/es\/index.php?rest_route=%2Fwp%2Fv2%2Fcategories&post=35658"},{"taxonomy":"post_tag","embeddable":true,"href":"https:\/\/archive.sana.sy\/es\/index.php?rest_route=%2Fwp%2Fv2%2Ftags&post=35658"}],"curies":[{"name":"wp","href":"https:\/\/api.w.org\/{rel}","templated":true}]}}