{"id":3566,"date":"2014-06-26T14:25:59","date_gmt":"2014-06-26T11:25:59","guid":{"rendered":"http:\/\/www.sana.sy\/es\/?p=3566"},"modified":"2014-06-26T20:53:31","modified_gmt":"2014-06-26T17:53:31","slug":"amnistiados-29-hombres-en-la-provincia-de-idleb","status":"publish","type":"post","link":"https:\/\/archive.sana.sy\/es\/?p=3566","title":{"rendered":"Amnistiados 89 armados de Idleb y Homs"},"content":{"rendered":"<p><strong>Provincias, SANA<\/strong><\/p>\n<p><strong>Una fuente en la provincia de Idleb afirm\u00f3 que 29 hombres han sido amnistiados gracia al Decreto de amnist\u00eda general, despu\u00e9s de haberse entregado a las autoridades competentes.<\/strong><\/p>\n<p><strong>El gobernador de Idleb declar\u00f3 que el gobierno contin\u00faa con la resoluci\u00f3n de este expediente, para empezar una nueva etapa y participar en la reconstrucci\u00f3n de la patria.<\/strong><\/p>\n<p><strong>En el mismo contexto, unos 60 armados del campo de Qusseir (el campo de Homs) fueron indultados despu\u00e9s de haberse entregado con sus armas a las autoridades competentes.<\/strong><\/p>\n<p><strong>En Tartous, el fiscal general de la provincia anunci\u00f3 que unos seis prisioneros fueron puestos en libertad en virtud del Decreto de Amnist\u00eda General N 22 para el a\u00f1o 2014.<\/strong><\/p>\n<p><strong>Por otro lado, 116 buscados de Damasco y su campo, Hasakeh y Dier Zor, se entregaron a las autoridades competentes para regularizar su estado jur\u00eddico.<\/strong><\/p>\n<p><strong>\u00a0<\/strong><\/p>\n<p><span style=\"color: #0000ff\"><strong>Hala B.,Ryad Sh., Lynn A..Y.K<\/strong><\/span><\/p>\n","protected":false},"excerpt":{"rendered":"<p>Provincias, SANA Una fuente en la provincia de Idleb afirm\u00f3 que 29 hombres han sido amnistiados gracia al Decreto de amnist\u00eda general, despu\u00e9s de haberse entregado a las autoridades competentes. El gobernador de Idleb declar\u00f3 que el gobierno contin\u00faa con la resoluci\u00f3n de este expediente, para empezar una nueva etapa y participar en la reconstrucci\u00f3n &hellip;<\/p>\n","protected":false},"author":1,"featured_media":3567,"comment_status":"closed","ping_status":"closed","sticky":false,"template":"","format":"standard","meta":{"footnotes":""},"categories":[573,576],"tags":[835],"class_list":["post-3566","post","type-post","status-publish","format-standard","has-post-thumbnail","","category-la-realidad-de-los-acontecimientos-en-siria","category-noticias-politicas","tag-amnistiados-89-armados-de-idleb-y-homs"],"_links":{"self":[{"href":"https:\/\/archive.sana.sy\/es\/index.php?rest_route=\/wp\/v2\/posts\/3566"}],"collection":[{"href":"https:\/\/archive.sana.sy\/es\/index.php?rest_route=\/wp\/v2\/posts"}],"about":[{"href":"https:\/\/archive.sana.sy\/es\/index.php?rest_route=\/wp\/v2\/types\/post"}],"author":[{"embeddable":true,"href":"https:\/\/archive.sana.sy\/es\/index.php?rest_route=\/wp\/v2\/users\/1"}],"replies":[{"embeddable":true,"href":"https:\/\/archive.sana.sy\/es\/index.php?rest_route=%2Fwp%2Fv2%2Fcomments&post=3566"}],"version-history":[{"count":0,"href":"https:\/\/archive.sana.sy\/es\/index.php?rest_route=\/wp\/v2\/posts\/3566\/revisions"}],"wp:featuredmedia":[{"embeddable":true,"href":"https:\/\/archive.sana.sy\/es\/index.php?rest_route=\/wp\/v2\/media\/3567"}],"wp:attachment":[{"href":"https:\/\/archive.sana.sy\/es\/index.php?rest_route=%2Fwp%2Fv2%2Fmedia&parent=3566"}],"wp:term":[{"taxonomy":"category","embeddable":true,"href":"https:\/\/archive.sana.sy\/es\/index.php?rest_route=%2Fwp%2Fv2%2Fcategories&post=3566"},{"taxonomy":"post_tag","embeddable":true,"href":"https:\/\/archive.sana.sy\/es\/index.php?rest_route=%2Fwp%2Fv2%2Ftags&post=3566"}],"curies":[{"name":"wp","href":"https:\/\/api.w.org\/{rel}","templated":true}]}}