{"id":35662,"date":"2015-12-26T13:35:55","date_gmt":"2015-12-26T11:35:55","guid":{"rendered":"http:\/\/sana.sy\/es\/?p=35662"},"modified":"2015-12-26T13:35:55","modified_gmt":"2015-12-26T11:35:55","slug":"muere-un-nino-tras-explosion-de-mina-abandonada-por-terroristas-en-el-campo-de-quneitra","status":"publish","type":"post","link":"https:\/\/archive.sana.sy\/es\/?p=35662","title":{"rendered":"Muere un ni\u00f1o tras explosi\u00f3n de mina abandonada por terroristas en el campo de Quneitra"},"content":{"rendered":"<p><span style=\"color: #800000\">Quneitra, SANA<\/span><\/p>\n<p>Un ni\u00f1o perdi\u00f3 la vida y otros dos resultaron heridos al estallar una mina abandonada por terroristas afiliados al Frente de al-Nousra en Tal al-Qubaa en el campo de Quneitra.<\/p>\n<p>Una fuente en la Gobernaci\u00f3n inform\u00f3 al corresponsal de SANA que una mina estall\u00f3 en un grupo de ni\u00f1os en Tal al-Qubaa al noreste de Khan Arnaba, lo que dej\u00f3 muerte a uno de ellos y caus\u00f3 heridas a otros dos.<\/p>\n<p>La fuente a\u00f1adi\u00f3 que uno de los heridos se encuentra en estado de salud cr\u00edtico.<\/p>\n<p>&nbsp;<\/p>\n<p>Lynn A.<\/p>\n","protected":false},"excerpt":{"rendered":"<p>Quneitra, SANA Un ni\u00f1o perdi\u00f3 la vida y otros dos resultaron heridos al estallar una mina abandonada por terroristas afiliados al Frente de al-Nousra en Tal al-Qubaa en el campo de Quneitra. Una fuente en la Gobernaci\u00f3n inform\u00f3 al corresponsal de SANA que una mina estall\u00f3 en un grupo de ni\u00f1os en Tal al-Qubaa al &hellip;<\/p>\n","protected":false},"author":24,"featured_media":34569,"comment_status":"closed","ping_status":"closed","sticky":false,"template":"","format":"standard","meta":{"footnotes":""},"categories":[477,597,573,476,7541],"tags":[],"class_list":["post-35662","post","type-post","status-publish","format-standard","has-post-thumbnail","","category-noticias-edulcorantes","category-cinta-de-noticias","category-la-realidad-de-los-acontecimientos-en-siria","category-locales","category-ultimas-noticias"],"_links":{"self":[{"href":"https:\/\/archive.sana.sy\/es\/index.php?rest_route=\/wp\/v2\/posts\/35662"}],"collection":[{"href":"https:\/\/archive.sana.sy\/es\/index.php?rest_route=\/wp\/v2\/posts"}],"about":[{"href":"https:\/\/archive.sana.sy\/es\/index.php?rest_route=\/wp\/v2\/types\/post"}],"author":[{"embeddable":true,"href":"https:\/\/archive.sana.sy\/es\/index.php?rest_route=\/wp\/v2\/users\/24"}],"replies":[{"embeddable":true,"href":"https:\/\/archive.sana.sy\/es\/index.php?rest_route=%2Fwp%2Fv2%2Fcomments&post=35662"}],"version-history":[{"count":0,"href":"https:\/\/archive.sana.sy\/es\/index.php?rest_route=\/wp\/v2\/posts\/35662\/revisions"}],"wp:featuredmedia":[{"embeddable":true,"href":"https:\/\/archive.sana.sy\/es\/index.php?rest_route=\/wp\/v2\/media\/34569"}],"wp:attachment":[{"href":"https:\/\/archive.sana.sy\/es\/index.php?rest_route=%2Fwp%2Fv2%2Fmedia&parent=35662"}],"wp:term":[{"taxonomy":"category","embeddable":true,"href":"https:\/\/archive.sana.sy\/es\/index.php?rest_route=%2Fwp%2Fv2%2Fcategories&post=35662"},{"taxonomy":"post_tag","embeddable":true,"href":"https:\/\/archive.sana.sy\/es\/index.php?rest_route=%2Fwp%2Fv2%2Ftags&post=35662"}],"curies":[{"name":"wp","href":"https:\/\/api.w.org\/{rel}","templated":true}]}}