{"id":35679,"date":"2015-12-26T10:19:54","date_gmt":"2015-12-26T08:19:54","guid":{"rendered":"http:\/\/sana.sy\/es\/?p=35679"},"modified":"2015-12-26T15:22:09","modified_gmt":"2015-12-26T13:22:09","slug":"eeuu-se-niega-a-coordinar-operaciones-militares-anti-daesh-con-rusia","status":"publish","type":"post","link":"https:\/\/archive.sana.sy\/es\/?p=35679","title":{"rendered":"EEUU se niega a cooperar con Rusia en la lucha contra DAESH"},"content":{"rendered":"<p><span style=\"color: #800000\">Washington, SANA<\/span><\/p>\n<p>La portavoz del Pent\u00e1gono, Michelle Baldanza, reiter\u00f3 el rechazo de EEUU de cooperar con Rusia en materia de la lucha contra la organizaci\u00f3n terrorista del Estado Isl\u00e1mico.<\/p>\n<p>El sitio web ruso Spuntnik cit\u00f3 a Baldanza diciendo que su pa\u00eds no cooperar\u00e1 con Rusia en\u00a0la lucha contra el Estado Isl\u00e1mico mientras que est\u00e1 \u00faltima mantenga su apoyo al liderazgo sirio.<\/p>\n<p>La portavoz del Pent\u00e1gono hab\u00eda declarado en el pasado mes de octubre que EEUU no coordinar\u00eda sus operaciones militares en Siria con las fuerzas \u00e1reas rusas, bajo el pretexto que Mosc\u00fa\u00a0est\u00e1 atacando a la llamada \u201coposici\u00f3n moderada\u201d.<br \/>\nLynn A.<\/p>\n","protected":false},"excerpt":{"rendered":"<p>Washington, SANA La portavoz del Pent\u00e1gono, Michelle Baldanza, reiter\u00f3 el rechazo de EEUU de cooperar con Rusia en materia de la lucha contra la organizaci\u00f3n terrorista del Estado Isl\u00e1mico. El sitio web ruso Spuntnik cit\u00f3 a Baldanza diciendo que su pa\u00eds no cooperar\u00e1 con Rusia en\u00a0la lucha contra el Estado Isl\u00e1mico mientras que est\u00e1 \u00faltima &hellip;<\/p>\n","protected":false},"author":24,"featured_media":16155,"comment_status":"closed","ping_status":"closed","sticky":false,"template":"","format":"standard","meta":{"footnotes":""},"categories":[597,456,457,7541],"tags":[],"class_list":["post-35679","post","type-post","status-publish","format-standard","has-post-thumbnail","","category-cinta-de-noticias","category-arabe-internacional-politica","category-noticias-arabe-internacional-politica","category-ultimas-noticias"],"_links":{"self":[{"href":"https:\/\/archive.sana.sy\/es\/index.php?rest_route=\/wp\/v2\/posts\/35679"}],"collection":[{"href":"https:\/\/archive.sana.sy\/es\/index.php?rest_route=\/wp\/v2\/posts"}],"about":[{"href":"https:\/\/archive.sana.sy\/es\/index.php?rest_route=\/wp\/v2\/types\/post"}],"author":[{"embeddable":true,"href":"https:\/\/archive.sana.sy\/es\/index.php?rest_route=\/wp\/v2\/users\/24"}],"replies":[{"embeddable":true,"href":"https:\/\/archive.sana.sy\/es\/index.php?rest_route=%2Fwp%2Fv2%2Fcomments&post=35679"}],"version-history":[{"count":0,"href":"https:\/\/archive.sana.sy\/es\/index.php?rest_route=\/wp\/v2\/posts\/35679\/revisions"}],"wp:featuredmedia":[{"embeddable":true,"href":"https:\/\/archive.sana.sy\/es\/index.php?rest_route=\/wp\/v2\/media\/16155"}],"wp:attachment":[{"href":"https:\/\/archive.sana.sy\/es\/index.php?rest_route=%2Fwp%2Fv2%2Fmedia&parent=35679"}],"wp:term":[{"taxonomy":"category","embeddable":true,"href":"https:\/\/archive.sana.sy\/es\/index.php?rest_route=%2Fwp%2Fv2%2Fcategories&post=35679"},{"taxonomy":"post_tag","embeddable":true,"href":"https:\/\/archive.sana.sy\/es\/index.php?rest_route=%2Fwp%2Fv2%2Ftags&post=35679"}],"curies":[{"name":"wp","href":"https:\/\/api.w.org\/{rel}","templated":true}]}}