{"id":35689,"date":"2015-12-26T17:32:21","date_gmt":"2015-12-26T15:32:21","guid":{"rendered":"http:\/\/sana.sy\/es\/?p=35689"},"modified":"2015-12-26T17:32:21","modified_gmt":"2015-12-26T15:32:21","slug":"plantacion-de-300-arboles-fructiferos-en-el-parque-de-tishreen-en-damasco","status":"publish","type":"post","link":"https:\/\/archive.sana.sy\/es\/?p=35689","title":{"rendered":"Plantaci\u00f3n de 300 \u00e1rboles fruct\u00edferos en el parque de Tishreen en Damasco"},"content":{"rendered":"<p><span style=\"color: #800000\">Damasco, SANA<\/span><\/p>\n<p>En el marco del proyecto \u201cShayarati\u201d (mi \u00e1rbol), el Ministerio del Estado para Asuntos de Medio-ambiente lanz\u00f3 en cooperaci\u00f3n con el Centro de Negocios Coreano una campa\u00f1a de plantaci\u00f3n de \u00e1rboles fruct\u00edferos en el parque de Tishreen en la capital Damasco.<\/p>\n<p>La campa\u00f1a consiste en sembrar m\u00e1s de 300 \u00e1rboles de durazno, nueces y albaricoques que llevan el nombre de \u201clos \u00e1rboles de paz\u201d con motivo del natalicio del Profeta, la Navidad y el nuevo a\u00f1o.<\/p>\n<p>La ministra del Estado para Asuntos de Medioambiente, Dra. Nazira Sarkis destac\u00f3 la importancia de este acto voluntario en preservar el medio ambiente y proteger la biodiversidad.<\/p>\n<p>Por su parte, el director del Centro de Negocios Coreano, patrocinador principal del proyecto \u201cShayarati\u201d, explic\u00f3 que dicho proyecto se basa en el idea de que cada persona plante su propio \u00e1rbol y coloque su propio nombre en el mismo, y siga prest\u00e1ndole atenci\u00f3n.<\/p>\n<p>El objetivo del proyecto es plantar 23 millones de \u00e1rboles con la ayuda de j\u00f3venes voluntarios, dijo.<\/p>\n<p>&nbsp;<\/p>\n<div id='gallery-1' class='gallery galleryid-35689 gallery-columns-3 gallery-size-thumbnail'><figure class='gallery-item'>\n\t\t\t<div class='gallery-icon landscape'>\n\t\t\t\t<a href='https:\/\/archive.sana.sy\/es\/wp-content\/uploads\/2015\/12\/plantacion-de-arboles-en-Tishreen-1.jpg'><img loading=\"lazy\" decoding=\"async\" width=\"150\" height=\"97\" src=\"https:\/\/archive.sana.sy\/es\/wp-content\/uploads\/2015\/12\/plantacion-de-arboles-en-Tishreen-1-150x97.jpg\" class=\"attachment-thumbnail size-thumbnail\" alt=\"\" srcset=\"https:\/\/archive.sana.sy\/es\/wp-content\/uploads\/2015\/12\/plantacion-de-arboles-en-Tishreen-1-150x97.jpg 150w, https:\/\/archive.sana.sy\/es\/wp-content\/uploads\/2015\/12\/plantacion-de-arboles-en-Tishreen-1-300x194.jpg 300w, https:\/\/archive.sana.sy\/es\/wp-content\/uploads\/2015\/12\/plantacion-de-arboles-en-Tishreen-1-768x496.jpg 768w, https:\/\/archive.sana.sy\/es\/wp-content\/uploads\/2015\/12\/plantacion-de-arboles-en-Tishreen-1-1024x661.jpg 1024w\" sizes=\"(max-width: 150px) 100vw, 150px\" \/><\/a>\n\t\t\t<\/div><\/figure><figure class='gallery-item'>\n\t\t\t<div class='gallery-icon portrait'>\n\t\t\t\t<a href='https:\/\/archive.sana.sy\/es\/wp-content\/uploads\/2015\/12\/plantacion-de-arboles-en-Tishreen-2.jpg'><img loading=\"lazy\" decoding=\"async\" width=\"103\" height=\"150\" src=\"https:\/\/archive.sana.sy\/es\/wp-content\/uploads\/2015\/12\/plantacion-de-arboles-en-Tishreen-2-103x150.jpg\" class=\"attachment-thumbnail size-thumbnail\" alt=\"\" srcset=\"https:\/\/archive.sana.sy\/es\/wp-content\/uploads\/2015\/12\/plantacion-de-arboles-en-Tishreen-2-103x150.jpg 103w, https:\/\/archive.sana.sy\/es\/wp-content\/uploads\/2015\/12\/plantacion-de-arboles-en-Tishreen-2-207x300.jpg 207w, https:\/\/archive.sana.sy\/es\/wp-content\/uploads\/2015\/12\/plantacion-de-arboles-en-Tishreen-2-768x1115.jpg 768w, https:\/\/archive.sana.sy\/es\/wp-content\/uploads\/2015\/12\/plantacion-de-arboles-en-Tishreen-2-705x1024.jpg 705w\" sizes=\"(max-width: 103px) 100vw, 103px\" \/><\/a>\n\t\t\t<\/div><\/figure>\n\t\t<\/div>\n\n<p>Lynn A.<\/p>\n","protected":false},"excerpt":{"rendered":"<p>Damasco, SANA En el marco del proyecto \u201cShayarati\u201d (mi \u00e1rbol), el Ministerio del Estado para Asuntos de Medio-ambiente lanz\u00f3 en cooperaci\u00f3n con el Centro de Negocios Coreano una campa\u00f1a de plantaci\u00f3n de \u00e1rboles fruct\u00edferos en el parque de Tishreen en la capital Damasco. La campa\u00f1a consiste en sembrar m\u00e1s de 300 \u00e1rboles de durazno, nueces &hellip;<\/p>\n","protected":false},"author":24,"featured_media":35690,"comment_status":"closed","ping_status":"closed","sticky":false,"template":"","format":"standard","meta":{"footnotes":""},"categories":[477,476,7541],"tags":[],"class_list":["post-35689","post","type-post","status-publish","format-standard","has-post-thumbnail","","category-noticias-edulcorantes","category-locales","category-ultimas-noticias"],"_links":{"self":[{"href":"https:\/\/archive.sana.sy\/es\/index.php?rest_route=\/wp\/v2\/posts\/35689"}],"collection":[{"href":"https:\/\/archive.sana.sy\/es\/index.php?rest_route=\/wp\/v2\/posts"}],"about":[{"href":"https:\/\/archive.sana.sy\/es\/index.php?rest_route=\/wp\/v2\/types\/post"}],"author":[{"embeddable":true,"href":"https:\/\/archive.sana.sy\/es\/index.php?rest_route=\/wp\/v2\/users\/24"}],"replies":[{"embeddable":true,"href":"https:\/\/archive.sana.sy\/es\/index.php?rest_route=%2Fwp%2Fv2%2Fcomments&post=35689"}],"version-history":[{"count":0,"href":"https:\/\/archive.sana.sy\/es\/index.php?rest_route=\/wp\/v2\/posts\/35689\/revisions"}],"wp:featuredmedia":[{"embeddable":true,"href":"https:\/\/archive.sana.sy\/es\/index.php?rest_route=\/wp\/v2\/media\/35690"}],"wp:attachment":[{"href":"https:\/\/archive.sana.sy\/es\/index.php?rest_route=%2Fwp%2Fv2%2Fmedia&parent=35689"}],"wp:term":[{"taxonomy":"category","embeddable":true,"href":"https:\/\/archive.sana.sy\/es\/index.php?rest_route=%2Fwp%2Fv2%2Fcategories&post=35689"},{"taxonomy":"post_tag","embeddable":true,"href":"https:\/\/archive.sana.sy\/es\/index.php?rest_route=%2Fwp%2Fv2%2Ftags&post=35689"}],"curies":[{"name":"wp","href":"https:\/\/api.w.org\/{rel}","templated":true}]}}