{"id":356972,"date":"2025-06-23T18:10:23","date_gmt":"2025-06-23T15:10:23","guid":{"rendered":"https:\/\/sana.sy\/es\/?p=356972"},"modified":"2025-06-23T18:10:42","modified_gmt":"2025-06-23T15:10:42","slug":"ministerio-de-educacion-y-unesco-analizan-la-situacion-educativa-en-siria","status":"publish","type":"post","link":"https:\/\/archive.sana.sy\/es\/?p=356972","title":{"rendered":"Ministerio de Educaci\u00f3n y UNESCO analizan la situaci\u00f3n educativa en Siria"},"content":{"rendered":"<p style=\"text-align: justify;\"><span style=\"color: #800000;\"><strong>Damasco, 23 jun (SANA)\u00a0<\/strong><\/span> El ministro de Educaci\u00f3n sirio, Mohammad Abdul Rahman Turko, y Paolo Fontani, director de la Oficina Regional de la UNESCO para Siria, analizaron la situaci\u00f3n del sistema educativo en el pa\u00eds durante una reuni\u00f3n celebrada en la sede del Ministerio en Damasco.<\/p>\n<p style=\"text-align: justify;\">El titular sirio destac\u00f3 la importancia de garantizar un entorno educativo adecuado para los estudiantes que regresan al pa\u00eds. Asimismo, subray\u00f3 los esfuerzos realizados para mejorar las condiciones de ense\u00f1anza y modernizar la infraestructura escolar, elementos fundamentales para el proceso educativo.<\/p>\n<p style=\"text-align: justify;\">Entre las medidas adoptadas, el Ministerio destin\u00f3 un espacio en cada escuela para impartir actividades formativas en valores morales, incluyendo la promoci\u00f3n de la paz civil. En este sentido, recalc\u00f3 que la educaci\u00f3n y la cultura son pilares esenciales para la construcci\u00f3n de una nueva Siria.<\/p>\n<p style=\"text-align: justify;\">Por su parte, Fontani resalt\u00f3 el papel clave de las organizaciones internacionales en la rehabilitaci\u00f3n de escuelas y enfatiz\u00f3 la necesidad de evaluar los da\u00f1os en los centros educativos para dise\u00f1ar un plan de recuperaci\u00f3n integral, lo que permitir\u00eda mejorar los servicios educativos y avanzar en el desarrollo del sector.<\/p>\n<p style=\"text-align: justify;\">Adem\u00e1s, agradeci\u00f3 la labor del Ministerio de Educaci\u00f3n y del gobierno sirio, y consider\u00f3 que el regreso de Siria a los foros internacionales refuerza su posici\u00f3n en el \u00e1mbito global.<\/p>\n<div id='gallery-1' class='gallery galleryid-356972 gallery-columns-1 gallery-size-full'><figure class='gallery-item'>\n\t\t\t<div class='gallery-icon landscape'>\n\t\t\t\t<a href='https:\/\/archive.sana.sy\/es\/wp-content\/uploads\/2025\/06\/Unesco-Siria-1.jpg'><img loading=\"lazy\" decoding=\"async\" width=\"1280\" height=\"853\" src=\"https:\/\/archive.sana.sy\/es\/wp-content\/uploads\/2025\/06\/Unesco-Siria-1.jpg\" class=\"attachment-full size-full\" alt=\"\" srcset=\"https:\/\/archive.sana.sy\/es\/wp-content\/uploads\/2025\/06\/Unesco-Siria-1.jpg 1280w, https:\/\/archive.sana.sy\/es\/wp-content\/uploads\/2025\/06\/Unesco-Siria-1-300x200.jpg 300w, https:\/\/archive.sana.sy\/es\/wp-content\/uploads\/2025\/06\/Unesco-Siria-1-1024x682.jpg 1024w, https:\/\/archive.sana.sy\/es\/wp-content\/uploads\/2025\/06\/Unesco-Siria-1-150x100.jpg 150w, https:\/\/archive.sana.sy\/es\/wp-content\/uploads\/2025\/06\/Unesco-Siria-1-768x512.jpg 768w\" sizes=\"(max-width: 1280px) 100vw, 1280px\" \/><\/a>\n\t\t\t<\/div><\/figure>\n\t\t<\/div>\n\n","protected":false},"excerpt":{"rendered":"<p>Damasco, 23 jun (SANA)\u00a0 El ministro de Educaci\u00f3n sirio, Mohammad Abdul Rahman Turko, y Paolo Fontani, director de la Oficina Regional de la UNESCO para Siria, analizaron la situaci\u00f3n del sistema educativo en el pa\u00eds durante una reuni\u00f3n celebrada en la sede del Ministerio en Damasco. El titular sirio destac\u00f3 la importancia de garantizar un &hellip;<\/p>\n","protected":false},"author":31,"featured_media":356973,"comment_status":"closed","ping_status":"closed","sticky":false,"template":"","format":"standard","meta":{"footnotes":""},"categories":[597,20724,476],"tags":[],"class_list":["post-356972","post","type-post","status-publish","format-standard","has-post-thumbnail","","category-cinta-de-noticias","category-minuto-a-minuto","category-locales"],"_links":{"self":[{"href":"https:\/\/archive.sana.sy\/es\/index.php?rest_route=\/wp\/v2\/posts\/356972"}],"collection":[{"href":"https:\/\/archive.sana.sy\/es\/index.php?rest_route=\/wp\/v2\/posts"}],"about":[{"href":"https:\/\/archive.sana.sy\/es\/index.php?rest_route=\/wp\/v2\/types\/post"}],"author":[{"embeddable":true,"href":"https:\/\/archive.sana.sy\/es\/index.php?rest_route=\/wp\/v2\/users\/31"}],"replies":[{"embeddable":true,"href":"https:\/\/archive.sana.sy\/es\/index.php?rest_route=%2Fwp%2Fv2%2Fcomments&post=356972"}],"version-history":[{"count":1,"href":"https:\/\/archive.sana.sy\/es\/index.php?rest_route=\/wp\/v2\/posts\/356972\/revisions"}],"predecessor-version":[{"id":356975,"href":"https:\/\/archive.sana.sy\/es\/index.php?rest_route=\/wp\/v2\/posts\/356972\/revisions\/356975"}],"wp:featuredmedia":[{"embeddable":true,"href":"https:\/\/archive.sana.sy\/es\/index.php?rest_route=\/wp\/v2\/media\/356973"}],"wp:attachment":[{"href":"https:\/\/archive.sana.sy\/es\/index.php?rest_route=%2Fwp%2Fv2%2Fmedia&parent=356972"}],"wp:term":[{"taxonomy":"category","embeddable":true,"href":"https:\/\/archive.sana.sy\/es\/index.php?rest_route=%2Fwp%2Fv2%2Fcategories&post=356972"},{"taxonomy":"post_tag","embeddable":true,"href":"https:\/\/archive.sana.sy\/es\/index.php?rest_route=%2Fwp%2Fv2%2Ftags&post=356972"}],"curies":[{"name":"wp","href":"https:\/\/api.w.org\/{rel}","templated":true}]}}