{"id":35712,"date":"2015-12-27T12:39:34","date_gmt":"2015-12-27T10:39:34","guid":{"rendered":"http:\/\/sana.sy\/es\/?p=35712"},"modified":"2015-12-27T19:50:42","modified_gmt":"2015-12-27T17:50:42","slug":"presidente-rohani-el-hecho-de-debilitar-a-siria-no-esta-a-favor-del-islam","status":"publish","type":"post","link":"https:\/\/archive.sana.sy\/es\/?p=35712","title":{"rendered":"Presidente Rohani: el hecho de debilitar a Siria no est\u00e1 a favor del islam"},"content":{"rendered":"<p><span style=\"color: #800000\"><span lang=\"ES\">Teher\u00e1n, SANA<\/span><\/span><\/p>\n<p><span lang=\"ES\">Ha iniciado este domingo en Teher\u00e1n las labores de la 29\u00aa conferencia de la Unidad Isl\u00e1mica bajo el lema \u201clos retos que enfrentan al mundo isl\u00e1mico\u201d.<\/span><\/p>\n<p><span lang=\"ES\">La conferencia internacional cont\u00f3 con la asistencia de Siria, representada por el gran Muft\u00ed de la Rep\u00fablica, Ahmad Bader Addin Hassoun y el embajador sirio ante Ir\u00e1n, Adnan Mahmoud, as\u00ed como delegaciones de 70 pa\u00edses.<\/span><\/p>\n<p><span lang=\"ES\">Al inaugurar la conferencia que coincide con el aniversario del natalicio del profeta Mohamad, el presidente iran\u00ed, Hassan Rohani se\u00f1al\u00f3 en una palabra que la debilitaci\u00f3n de Siria, pa\u00eds que forma parte del eje de resistencia y que resiste al enemigo sionista no est\u00e1 a favor del islam, criticando a los patrocinadores del terrorismo que gastan el rendimiento de su petr\u00f3leo para comprar las armas a los terroristas.<\/span><\/p>\n<p><span lang=\"ES\">Rohani dirigi\u00f3 un llamamiento a todos los reunidos para cerrar filas ante el extremismo, la violencia, el terrorismo y el pensamiento resultante de la no moderaci\u00f3n y el desbalance.<\/span><\/p>\n<p>El Muft\u00ed General de la Republica, Dr. Ahmed Bader Eddin Hassun, ha denunciado que los terroristas y sus patrocinadores que asesinan a civiles, celebran sus reuniones en Riad y en otras ciudades fuera de Siria bajo el patrocinio de reg\u00edmenes y estados que los apoyan y que comparten una sola meta: la rendici\u00f3n de Siria.<\/p>\n<p><img loading=\"lazy\" decoding=\"async\" class=\"alignnone size-medium wp-image-35736\" src=\"http:\/\/www.sana.sy\/es\/wp-content\/uploads\/2015\/12\/4275-300x199-300x199.jpg\" alt=\"4275-300x199\" width=\"300\" height=\"199\" srcset=\"https:\/\/archive.sana.sy\/es\/wp-content\/uploads\/2015\/12\/4275-300x199.jpg 300w, https:\/\/archive.sana.sy\/es\/wp-content\/uploads\/2015\/12\/4275-300x199-150x100.jpg 150w\" sizes=\"(max-width: 300px) 100vw, 300px\" \/><\/p>\n<p>Estas aseveraciones del Muft\u00ed Hassun, se produjeron durante su participaci\u00f3n en las labores de la Vig\u00e9sima Novena Conferencia de la Unidad Isl\u00e1mica.<\/p>\n<p>Hassun indic\u00f3 que Siria de cinco a\u00f1os de la feroz guerra terrorista lanzada contra el pa\u00eds, ha logrado luego imponer su soberan\u00eda contra los enemigos y no ser\u00e1 un puente para la ejecuci\u00f3n de los proyectos occidentales y estadounidenses, y por esa raz\u00f3n es el blanco de los terroristas.<\/p>\n<p><span lang=\"ES\">Cabe destacar que la conferencia cuenta con la asistencia de alrededor de 400 pensadores isl\u00e1micos y <\/span><span lang=\"ES\">personalidades del mundo de la cultura<\/span><span lang=\"ES\">procedentes de 70 pa\u00edses. Ellos debatir\u00e1n a lo largo de tres d\u00edas y en el marco de 14 comit\u00e9s de trabajo los peligros que corre el mundo isl\u00e1mico, sobre todo los del terrorismo y extremismo.<\/span><\/p>\n<p>Lynn A., Hala B.<\/p>\n","protected":false},"excerpt":{"rendered":"<p>Teher\u00e1n, SANA Ha iniciado este domingo en Teher\u00e1n las labores de la 29\u00aa conferencia de la Unidad Isl\u00e1mica bajo el lema \u201clos retos que enfrentan al mundo isl\u00e1mico\u201d. La conferencia internacional cont\u00f3 con la asistencia de Siria, representada por el gran Muft\u00ed de la Rep\u00fablica, Ahmad Bader Addin Hassoun y el embajador sirio ante Ir\u00e1n, &hellip;<\/p>\n","protected":false},"author":1,"featured_media":35713,"comment_status":"closed","ping_status":"closed","sticky":false,"template":"","format":"standard","meta":{"footnotes":""},"categories":[456,457,576,7541],"tags":[7679],"class_list":["post-35712","post","type-post","status-publish","format-standard","has-post-thumbnail","","category-arabe-internacional-politica","category-noticias-arabe-internacional-politica","category-noticias-politicas","category-ultimas-noticias","tag-presidente-rohani-el-hecho-de-debilitar-a-siria-no-esta-a-favor-del-islam"],"_links":{"self":[{"href":"https:\/\/archive.sana.sy\/es\/index.php?rest_route=\/wp\/v2\/posts\/35712"}],"collection":[{"href":"https:\/\/archive.sana.sy\/es\/index.php?rest_route=\/wp\/v2\/posts"}],"about":[{"href":"https:\/\/archive.sana.sy\/es\/index.php?rest_route=\/wp\/v2\/types\/post"}],"author":[{"embeddable":true,"href":"https:\/\/archive.sana.sy\/es\/index.php?rest_route=\/wp\/v2\/users\/1"}],"replies":[{"embeddable":true,"href":"https:\/\/archive.sana.sy\/es\/index.php?rest_route=%2Fwp%2Fv2%2Fcomments&post=35712"}],"version-history":[{"count":0,"href":"https:\/\/archive.sana.sy\/es\/index.php?rest_route=\/wp\/v2\/posts\/35712\/revisions"}],"wp:featuredmedia":[{"embeddable":true,"href":"https:\/\/archive.sana.sy\/es\/index.php?rest_route=\/wp\/v2\/media\/35713"}],"wp:attachment":[{"href":"https:\/\/archive.sana.sy\/es\/index.php?rest_route=%2Fwp%2Fv2%2Fmedia&parent=35712"}],"wp:term":[{"taxonomy":"category","embeddable":true,"href":"https:\/\/archive.sana.sy\/es\/index.php?rest_route=%2Fwp%2Fv2%2Fcategories&post=35712"},{"taxonomy":"post_tag","embeddable":true,"href":"https:\/\/archive.sana.sy\/es\/index.php?rest_route=%2Fwp%2Fv2%2Ftags&post=35712"}],"curies":[{"name":"wp","href":"https:\/\/api.w.org\/{rel}","templated":true}]}}