{"id":35718,"date":"2015-12-27T12:43:05","date_gmt":"2015-12-27T10:43:05","guid":{"rendered":"http:\/\/sana.sy\/es\/?p=35718"},"modified":"2015-12-27T21:03:24","modified_gmt":"2015-12-27T19:03:24","slug":"cazas-sirios-destruyen-una-sede-que-abarcaba-decenas-de-terroristas-del-frente-de-al-nousra-en-el-campo-de-idleb","status":"publish","type":"post","link":"https:\/\/archive.sana.sy\/es\/?p=35718","title":{"rendered":"Cazas sirios destruyen una sede que abarcaba decenas de terroristas del Frente de al-Nousra en el campo de Idleb"},"content":{"rendered":"<p><span style=\"color: #800000\">Idleb, SANA<\/span><\/p>\n<p>La aviaci\u00f3n militar siria realiz\u00f3 anoche una redada contra el feudo de la organizaci\u00f3n terrorista del Frente de al-Nousra en el campo sure\u00f1o de Idleb.<\/p>\n<p>Seg\u00fan una fuente militar, la redada se llev\u00f3 a cabo tras recibir informaciones precisos sobre la reuni\u00f3n de decenas de terroristas del Frente de al-Nousra en una de sus \u00a0sedes en el pueblo de Yaryanaz en el campo este de Maarat al-Mumaan.<\/p>\n<p>La operaci\u00f3n a\u00e9rea caus\u00f3 la destrucci\u00f3n de la sede por completo y la muerte de todos los terroristas que se encontraban adentro.<\/p>\n<p>Entre los terroristas eliminados figura, Mohamad Khaled al-Sheikh (Abu al-Baraa) uno de los cabecillas del Frente de al-Nousra.<\/p>\n<p>La fuente agreg\u00f3 que el ej\u00e9rcito bombarde\u00f3 movimientos de terroristas en Hbit, se\u00f1alando que el bombardeo result\u00f3 en la destrucci\u00f3n de un coche cargado con armas y municiones y la muerte de varios extremistas entre ellos un cabecilla.<\/p>\n<p>En el campo de la provincia de Hama, aviones de combate de las fuerzas a\u00e9reas sirias arrasaron con dos veh\u00edculos y sedes de terroristas en Kafarnabudeh, comunic\u00f3 la fuente.<\/p>\n<p>Las incursiones acabaron tambi\u00e9n con un n\u00famero indeterminado de terroristas, entre quienes figuraba un checheno, seg\u00fan la fuente.<\/p>\n<p><span style=\"color: #0000ff\">Alepo<\/span><\/p>\n<p>Por otro lado las Fuerzas Armadas continuaron los operativos militares contra sitios de los terroristas donde dejaron a numerosos entre muertos y heridos en los pueblos de Jabin, Masibin, Shoyahna, Al Artiq, Shamawya.<\/p>\n<p>Una fuente se\u00f1al\u00f3 que numerosos mercenarios resultaron liquidados durante una operaci\u00f3n militar de una unidad del ej\u00e9rcito en el barrio Al Halwanya.<\/p>\n<p>As\u00ed que escuadras de las fuerzas armadas controlaron al pueblo de Grouf y Sharba al este de la provincia.<\/p>\n<p><span style=\"color: #0000ff\">Derra-Sweida<\/span><\/p>\n<p>En Derra tropas del ej\u00e9rcito aniquilaron a refugios de los terroristas en el campamento de los refugiados en Derra Al Balad.<\/p>\n<p>Paralelamente un destacamento del ej\u00e9rcito destruy\u00f3\u00a0 un veh\u00edculo de los terroristas en el barrio Al Manshiya.<\/p>\n<p>Asimismo el ej\u00e9rcito apunt\u00f3 contra zulos y centros de concentraci\u00f3n de terroristas del frente Al-Nusra en el poblado de Yadoudeh, destruyendo varios zulos y veh\u00edculos.<\/p>\n<p>En otro contexto, los zapadores del ej\u00e9rcito sembraron artefactos explosivos en dos refugios de terroristas en Kafar Shams que utilizan los extremistas para lanzar ataques contra puntos militares de las fuerzas armadas.<\/p>\n<p>La detonaci\u00f3n de los artefactos sembrados result\u00f3 en la destrucci\u00f3n de los mencionados refugios y la muerte de los terroristas que estaban dentro de los mismos.<\/p>\n<p>En el campo este de Sweida, una unidad del ej\u00e9rcito arras\u00f3 con camiones cisternas del DAESH en el este del poblado de Shaath.<\/p>\n<p>De igual modo devastaron un veh\u00edculo cargado con armas y municiones y eliminaron a los terroristas que iban en el mismo en el poblado de Rajm Dowleh.<\/p>\n<p><span style=\"color: #0000ff\">Damasco-Campo<\/span><\/p>\n<p>Una unidad del ej\u00e9rcito choc\u00f3 con grupos terroristas que atacaron un punto militar situado en la zona de Marj Sultan.<\/p>\n<p>Los enfrentamientos resultaron en la muerte de la mayor\u00eda de los atacantes, mientras los sobrevivientes se dieron a la fuga.<\/p>\n<p>El ej\u00e9rcito confisc\u00f3 grandes cantidades de armas y municiones que dejaron atr\u00e1s los terroristas derrotados.<\/p>\n<p>Lynn A., Hala B-Y.K.<\/p>\n","protected":false},"excerpt":{"rendered":"<p>Idleb, SANA La aviaci\u00f3n militar siria realiz\u00f3 anoche una redada contra el feudo de la organizaci\u00f3n terrorista del Frente de al-Nousra en el campo sure\u00f1o de Idleb. Seg\u00fan una fuente militar, la redada se llev\u00f3 a cabo tras recibir informaciones precisos sobre la reuni\u00f3n de decenas de terroristas del Frente de al-Nousra en una de &hellip;<\/p>\n","protected":false},"author":1,"featured_media":35738,"comment_status":"closed","ping_status":"closed","sticky":false,"template":"","format":"standard","meta":{"footnotes":""},"categories":[573,583,7541],"tags":[7680],"class_list":["post-35718","post","type-post","status-publish","format-standard","has-post-thumbnail","","category-la-realidad-de-los-acontecimientos-en-siria","category-slide","category-ultimas-noticias","tag-cazas-sirios-destruyen-una-sede-que-abarcaba-decenas-de-terroristas-del-frente-de-al-nousra-en-el-campo-de-idleb"],"_links":{"self":[{"href":"https:\/\/archive.sana.sy\/es\/index.php?rest_route=\/wp\/v2\/posts\/35718"}],"collection":[{"href":"https:\/\/archive.sana.sy\/es\/index.php?rest_route=\/wp\/v2\/posts"}],"about":[{"href":"https:\/\/archive.sana.sy\/es\/index.php?rest_route=\/wp\/v2\/types\/post"}],"author":[{"embeddable":true,"href":"https:\/\/archive.sana.sy\/es\/index.php?rest_route=\/wp\/v2\/users\/1"}],"replies":[{"embeddable":true,"href":"https:\/\/archive.sana.sy\/es\/index.php?rest_route=%2Fwp%2Fv2%2Fcomments&post=35718"}],"version-history":[{"count":0,"href":"https:\/\/archive.sana.sy\/es\/index.php?rest_route=\/wp\/v2\/posts\/35718\/revisions"}],"wp:featuredmedia":[{"embeddable":true,"href":"https:\/\/archive.sana.sy\/es\/index.php?rest_route=\/wp\/v2\/media\/35738"}],"wp:attachment":[{"href":"https:\/\/archive.sana.sy\/es\/index.php?rest_route=%2Fwp%2Fv2%2Fmedia&parent=35718"}],"wp:term":[{"taxonomy":"category","embeddable":true,"href":"https:\/\/archive.sana.sy\/es\/index.php?rest_route=%2Fwp%2Fv2%2Fcategories&post=35718"},{"taxonomy":"post_tag","embeddable":true,"href":"https:\/\/archive.sana.sy\/es\/index.php?rest_route=%2Fwp%2Fv2%2Ftags&post=35718"}],"curies":[{"name":"wp","href":"https:\/\/api.w.org\/{rel}","templated":true}]}}