{"id":35729,"date":"2015-12-27T18:31:16","date_gmt":"2015-12-27T16:31:16","guid":{"rendered":"http:\/\/www.sana.sy\/es\/?p=35729"},"modified":"2015-12-27T18:31:16","modified_gmt":"2015-12-27T16:31:16","slug":"nasrola-israel-busca-anexionarse-los-altos-de-golan-ocupado","status":"publish","type":"post","link":"https:\/\/archive.sana.sy\/es\/?p=35729","title":{"rendered":"Nasrol\u00e1: Israel busca anexionarse los altos de Gol\u00e1n ocupado"},"content":{"rendered":"<p>Beirut-SANA<\/p>\n<p>El secretario general del Movimiento de Resistencia Isl\u00e1mica de El L\u00edbano Hezbol\u00e1, Seyed Hasan Nasrol\u00e1, ha destacado que el enemigo israel\u00ed se esfuerza por enterrar a la resistencia siria en el Gol\u00e1n sirio ocupado porque sabe la importancia de este proyecto en el conflicto arabo-israel\u00ed.<\/p>\n<p>En una palabra pronunciada durante una ceremonia celebrada este domingo con el motivo del s\u00e9ptimo d\u00eda del asesinato del alto miembro de Hezbol\u00e1 Samir Kuntar por el r\u00e9gimen israel\u00ed, Nasrol\u00e1 ha afirmado que Israel mat\u00f3 a Kuntar con el fin de acabar con la resistencia siria en los altos de Gol\u00e1n y agreg\u00f3 que habr\u00e1 sin duda una respuesta a este asesinato.<\/p>\n<p>Asimismo ha denunciado que el r\u00e9gimen de Israel est\u00e1 intentando anexionarse los altos de Gol\u00e1n, agregando que el primer ministro del ente sionista est\u00e1 realizando contactos con la administraci\u00f3n estadounidense y con gobiernos de pa\u00edses occidentales para tal prop\u00f3sito.<\/p>\n<p>Yamil K.<\/p>\n","protected":false},"excerpt":{"rendered":"<p>Beirut-SANA El secretario general del Movimiento de Resistencia Isl\u00e1mica de El L\u00edbano Hezbol\u00e1, Seyed Hasan Nasrol\u00e1, ha destacado que el enemigo israel\u00ed se esfuerza por enterrar a la resistencia siria en el Gol\u00e1n sirio ocupado porque sabe la importancia de este proyecto en el conflicto arabo-israel\u00ed. En una palabra pronunciada durante una ceremonia celebrada este &hellip;<\/p>\n","protected":false},"author":1,"featured_media":35730,"comment_status":"closed","ping_status":"closed","sticky":false,"template":"","format":"standard","meta":{"footnotes":""},"categories":[456,457,576,7541],"tags":[],"class_list":["post-35729","post","type-post","status-publish","format-standard","has-post-thumbnail","","category-arabe-internacional-politica","category-noticias-arabe-internacional-politica","category-noticias-politicas","category-ultimas-noticias"],"_links":{"self":[{"href":"https:\/\/archive.sana.sy\/es\/index.php?rest_route=\/wp\/v2\/posts\/35729"}],"collection":[{"href":"https:\/\/archive.sana.sy\/es\/index.php?rest_route=\/wp\/v2\/posts"}],"about":[{"href":"https:\/\/archive.sana.sy\/es\/index.php?rest_route=\/wp\/v2\/types\/post"}],"author":[{"embeddable":true,"href":"https:\/\/archive.sana.sy\/es\/index.php?rest_route=\/wp\/v2\/users\/1"}],"replies":[{"embeddable":true,"href":"https:\/\/archive.sana.sy\/es\/index.php?rest_route=%2Fwp%2Fv2%2Fcomments&post=35729"}],"version-history":[{"count":0,"href":"https:\/\/archive.sana.sy\/es\/index.php?rest_route=\/wp\/v2\/posts\/35729\/revisions"}],"wp:featuredmedia":[{"embeddable":true,"href":"https:\/\/archive.sana.sy\/es\/index.php?rest_route=\/wp\/v2\/media\/35730"}],"wp:attachment":[{"href":"https:\/\/archive.sana.sy\/es\/index.php?rest_route=%2Fwp%2Fv2%2Fmedia&parent=35729"}],"wp:term":[{"taxonomy":"category","embeddable":true,"href":"https:\/\/archive.sana.sy\/es\/index.php?rest_route=%2Fwp%2Fv2%2Fcategories&post=35729"},{"taxonomy":"post_tag","embeddable":true,"href":"https:\/\/archive.sana.sy\/es\/index.php?rest_route=%2Fwp%2Fv2%2Ftags&post=35729"}],"curies":[{"name":"wp","href":"https:\/\/api.w.org\/{rel}","templated":true}]}}