{"id":357371,"date":"2025-06-27T16:33:03","date_gmt":"2025-06-27T13:33:03","guid":{"rendered":"https:\/\/sana.sy\/es\/?p=357371"},"modified":"2025-06-27T16:33:03","modified_gmt":"2025-06-27T13:33:03","slug":"inauguran-la-feria-periodica-del-libro-en-alepo-siria-fotos","status":"publish","type":"post","link":"https:\/\/archive.sana.sy\/es\/?p=357371","title":{"rendered":"Inauguran la Feria Peri\u00f3dica del Libro en Alepo, Siria (+fotos)"},"content":{"rendered":"<p style=\"text-align: justify;\"><span style=\"color: #800000;\"><strong>Alepo, 26 de jun (SANA)<\/strong><\/span>\u00a0 La primera feria peri\u00f3dica del libro en Alepo se inaugur\u00f3 en la sede del Foro \u201cAlepo, la Capital Cultural\u201d, en esta provincia norte\u00f1a.<\/p>\n<p style=\"text-align: justify;\">La ceremonia inaugural cont\u00f3 con la presencia de numerosos intelectuales y p\u00fablico. Posteriormente, se llev\u00f3 a cabo una velada musical en la que el artista Abed Hilani conmovi\u00f3 a los asistentes con aut\u00e9nticas melod\u00edas, cantos y canciones alepinas.<\/p>\n<p style=\"text-align: justify;\">Este evento es el m\u00e1s grande de su tipo en la ciudad en d\u00e9cadas y tiene como objetivo devolver libros cuya circulaci\u00f3n hab\u00eda sido prohibida, adem\u00e1s de abrir las puertas a diversas obras \u00e1rabes e internacionales para que los lectores las descubran.<\/p>\n<p style=\"text-align: justify;\">La feria, que se extender\u00e1 por cinco d\u00edas, presentar\u00e1 m\u00e1s de 3,000 t\u00edtulos de diferentes \u00e1mbitos, incluyendo literatura, ciencia, religi\u00f3n, novela y literatura infantil.<\/p>\n<p style=\"text-align: justify;\">La Feria representa un paso importante para que Alepo vuelva a ser un referente cultural en la regi\u00f3n, tras una interrupci\u00f3n de cuatro d\u00e9cadas.<\/p>\n<p style=\"text-align: justify;\">Las actividades culturales complementarias se llevar\u00e1n a cabo diariamente, incluyendo firmas de libros y veladas culturales.<\/p>\n<p style=\"text-align: justify;\">Entre los eventos destacados se encuentran la firma del libro \u201cProverbios\u201d del investigador Samer Abu Shala, una conferencia titulada \u201cMemorias de un periodista de Alepo\u201d presentada por el periodista Waddah Muhyiddin, y la firma del libro \u201cLa Historia del Comercio de Alepo\u201d del periodista Izz Al-Din Al-Nabulsi.<\/p>\n<div id='gallery-1' class='gallery galleryid-357371 gallery-columns-1 gallery-size-full'><figure class='gallery-item'>\n\t\t\t<div class='gallery-icon landscape'>\n\t\t\t\t<a href='https:\/\/archive.sana.sy\/es\/wp-content\/uploads\/2025\/06\/512812774_1207441764728905_8137508346484390192_n.jpg'><img loading=\"lazy\" decoding=\"async\" width=\"1280\" height=\"853\" src=\"https:\/\/archive.sana.sy\/es\/wp-content\/uploads\/2025\/06\/512812774_1207441764728905_8137508346484390192_n.jpg\" class=\"attachment-full size-full\" alt=\"\" srcset=\"https:\/\/archive.sana.sy\/es\/wp-content\/uploads\/2025\/06\/512812774_1207441764728905_8137508346484390192_n.jpg 1280w, https:\/\/archive.sana.sy\/es\/wp-content\/uploads\/2025\/06\/512812774_1207441764728905_8137508346484390192_n-300x200.jpg 300w, https:\/\/archive.sana.sy\/es\/wp-content\/uploads\/2025\/06\/512812774_1207441764728905_8137508346484390192_n-1024x682.jpg 1024w, https:\/\/archive.sana.sy\/es\/wp-content\/uploads\/2025\/06\/512812774_1207441764728905_8137508346484390192_n-150x100.jpg 150w, https:\/\/archive.sana.sy\/es\/wp-content\/uploads\/2025\/06\/512812774_1207441764728905_8137508346484390192_n-768x512.jpg 768w\" sizes=\"(max-width: 1280px) 100vw, 1280px\" \/><\/a>\n\t\t\t<\/div><\/figure><figure class='gallery-item'>\n\t\t\t<div class='gallery-icon landscape'>\n\t\t\t\t<a href='https:\/\/archive.sana.sy\/es\/wp-content\/uploads\/2025\/06\/504285570_1207441658062249_8133194740504739649_n.jpg'><img loading=\"lazy\" decoding=\"async\" width=\"1280\" height=\"853\" src=\"https:\/\/archive.sana.sy\/es\/wp-content\/uploads\/2025\/06\/504285570_1207441658062249_8133194740504739649_n.jpg\" class=\"attachment-full size-full\" alt=\"\" srcset=\"https:\/\/archive.sana.sy\/es\/wp-content\/uploads\/2025\/06\/504285570_1207441658062249_8133194740504739649_n.jpg 1280w, https:\/\/archive.sana.sy\/es\/wp-content\/uploads\/2025\/06\/504285570_1207441658062249_8133194740504739649_n-300x200.jpg 300w, https:\/\/archive.sana.sy\/es\/wp-content\/uploads\/2025\/06\/504285570_1207441658062249_8133194740504739649_n-1024x682.jpg 1024w, https:\/\/archive.sana.sy\/es\/wp-content\/uploads\/2025\/06\/504285570_1207441658062249_8133194740504739649_n-150x100.jpg 150w, https:\/\/archive.sana.sy\/es\/wp-content\/uploads\/2025\/06\/504285570_1207441658062249_8133194740504739649_n-768x512.jpg 768w\" sizes=\"(max-width: 1280px) 100vw, 1280px\" \/><\/a>\n\t\t\t<\/div><\/figure><figure class='gallery-item'>\n\t\t\t<div class='gallery-icon landscape'>\n\t\t\t\t<a href='https:\/\/archive.sana.sy\/es\/wp-content\/uploads\/2025\/06\/512737955_1207441844728897_6483479925952321924_n-1.jpg'><img loading=\"lazy\" decoding=\"async\" width=\"1199\" height=\"835\" src=\"https:\/\/archive.sana.sy\/es\/wp-content\/uploads\/2025\/06\/512737955_1207441844728897_6483479925952321924_n-1.jpg\" class=\"attachment-full size-full\" alt=\"\" srcset=\"https:\/\/archive.sana.sy\/es\/wp-content\/uploads\/2025\/06\/512737955_1207441844728897_6483479925952321924_n-1.jpg 1199w, https:\/\/archive.sana.sy\/es\/wp-content\/uploads\/2025\/06\/512737955_1207441844728897_6483479925952321924_n-1-300x209.jpg 300w, https:\/\/archive.sana.sy\/es\/wp-content\/uploads\/2025\/06\/512737955_1207441844728897_6483479925952321924_n-1-1024x713.jpg 1024w, https:\/\/archive.sana.sy\/es\/wp-content\/uploads\/2025\/06\/512737955_1207441844728897_6483479925952321924_n-1-150x104.jpg 150w, https:\/\/archive.sana.sy\/es\/wp-content\/uploads\/2025\/06\/512737955_1207441844728897_6483479925952321924_n-1-768x535.jpg 768w\" sizes=\"(max-width: 1199px) 100vw, 1199px\" \/><\/a>\n\t\t\t<\/div><\/figure><figure class='gallery-item'>\n\t\t\t<div class='gallery-icon landscape'>\n\t\t\t\t<a href='https:\/\/archive.sana.sy\/es\/wp-content\/uploads\/2025\/06\/509604898_1207441901395558_8516698456813288224_n.jpg'><img loading=\"lazy\" decoding=\"async\" width=\"1214\" height=\"853\" src=\"https:\/\/archive.sana.sy\/es\/wp-content\/uploads\/2025\/06\/509604898_1207441901395558_8516698456813288224_n.jpg\" class=\"attachment-full size-full\" alt=\"\" srcset=\"https:\/\/archive.sana.sy\/es\/wp-content\/uploads\/2025\/06\/509604898_1207441901395558_8516698456813288224_n.jpg 1214w, https:\/\/archive.sana.sy\/es\/wp-content\/uploads\/2025\/06\/509604898_1207441901395558_8516698456813288224_n-300x211.jpg 300w, https:\/\/archive.sana.sy\/es\/wp-content\/uploads\/2025\/06\/509604898_1207441901395558_8516698456813288224_n-1024x719.jpg 1024w, https:\/\/archive.sana.sy\/es\/wp-content\/uploads\/2025\/06\/509604898_1207441901395558_8516698456813288224_n-150x105.jpg 150w, https:\/\/archive.sana.sy\/es\/wp-content\/uploads\/2025\/06\/509604898_1207441901395558_8516698456813288224_n-768x540.jpg 768w\" sizes=\"(max-width: 1214px) 100vw, 1214px\" \/><\/a>\n\t\t\t<\/div><\/figure>\n\t\t<\/div>\n\n","protected":false},"excerpt":{"rendered":"<p>Alepo, 26 de jun (SANA)\u00a0 La primera feria peri\u00f3dica del libro en Alepo se inaugur\u00f3 en la sede del Foro \u201cAlepo, la Capital Cultural\u201d, en esta provincia norte\u00f1a. La ceremonia inaugural cont\u00f3 con la presencia de numerosos intelectuales y p\u00fablico. Posteriormente, se llev\u00f3 a cabo una velada musical en la que el artista Abed Hilani &hellip;<\/p>\n","protected":false},"author":46,"featured_media":357373,"comment_status":"closed","ping_status":"closed","sticky":false,"template":"","format":"standard","meta":{"footnotes":""},"categories":[597,20724,7541],"tags":[],"class_list":["post-357371","post","type-post","status-publish","format-standard","has-post-thumbnail","","category-cinta-de-noticias","category-minuto-a-minuto","category-ultimas-noticias"],"_links":{"self":[{"href":"https:\/\/archive.sana.sy\/es\/index.php?rest_route=\/wp\/v2\/posts\/357371"}],"collection":[{"href":"https:\/\/archive.sana.sy\/es\/index.php?rest_route=\/wp\/v2\/posts"}],"about":[{"href":"https:\/\/archive.sana.sy\/es\/index.php?rest_route=\/wp\/v2\/types\/post"}],"author":[{"embeddable":true,"href":"https:\/\/archive.sana.sy\/es\/index.php?rest_route=\/wp\/v2\/users\/46"}],"replies":[{"embeddable":true,"href":"https:\/\/archive.sana.sy\/es\/index.php?rest_route=%2Fwp%2Fv2%2Fcomments&post=357371"}],"version-history":[{"count":1,"href":"https:\/\/archive.sana.sy\/es\/index.php?rest_route=\/wp\/v2\/posts\/357371\/revisions"}],"predecessor-version":[{"id":357378,"href":"https:\/\/archive.sana.sy\/es\/index.php?rest_route=\/wp\/v2\/posts\/357371\/revisions\/357378"}],"wp:featuredmedia":[{"embeddable":true,"href":"https:\/\/archive.sana.sy\/es\/index.php?rest_route=\/wp\/v2\/media\/357373"}],"wp:attachment":[{"href":"https:\/\/archive.sana.sy\/es\/index.php?rest_route=%2Fwp%2Fv2%2Fmedia&parent=357371"}],"wp:term":[{"taxonomy":"category","embeddable":true,"href":"https:\/\/archive.sana.sy\/es\/index.php?rest_route=%2Fwp%2Fv2%2Fcategories&post=357371"},{"taxonomy":"post_tag","embeddable":true,"href":"https:\/\/archive.sana.sy\/es\/index.php?rest_route=%2Fwp%2Fv2%2Ftags&post=357371"}],"curies":[{"name":"wp","href":"https:\/\/api.w.org\/{rel}","templated":true}]}}