{"id":35747,"date":"2015-12-28T14:16:51","date_gmt":"2015-12-28T12:16:51","guid":{"rendered":"http:\/\/sana.sy\/es\/?p=35747"},"modified":"2015-12-28T14:16:51","modified_gmt":"2015-12-28T12:16:51","slug":"gabinete-condena-los-atentados-terroristas-de-homs","status":"publish","type":"post","link":"https:\/\/archive.sana.sy\/es\/?p=35747","title":{"rendered":"Gabinete condena los atentados terroristas de Homs"},"content":{"rendered":"<p><span style=\"color: #800000\"><strong>Damasco, SANA<\/strong><\/span><\/p>\n<p><strong>El Consejo de Ministros conden\u00f3 los dos expulsivos terroristas\u00a0 acaecidos en la ciudad de Homs en el barrio al-Zahraa que causaron la muerte de un n\u00famero de ciudadanos y heridas a otros.<\/strong><\/p>\n<p><strong>El primer ministro el Dr. Wael al Halaqui afirm\u00f3 que el doble atentado fue como respuesta al esp\u00edritu de reconciliaciones nacionales en las diversas regiones de Siria y paralelamente con las victorias logradas por el ej\u00e9rcito sirio.<\/strong><\/p>\n<p><strong>As\u00ed que el primer ministro ofreci\u00f3 las condolencias a las familias de los m\u00e1rtires y deseos de r\u00e1pida recuperaci\u00f3n a los heridos.<\/strong><\/p>\n<p>Hala B., Riad Sh.<\/p>\n","protected":false},"excerpt":{"rendered":"<p>Damasco, SANA El Consejo de Ministros conden\u00f3 los dos expulsivos terroristas\u00a0 acaecidos en la ciudad de Homs en el barrio al-Zahraa que causaron la muerte de un n\u00famero de ciudadanos y heridas a otros. El primer ministro el Dr. Wael al Halaqui afirm\u00f3 que el doble atentado fue como respuesta al esp\u00edritu de reconciliaciones nacionales &hellip;<\/p>\n","protected":false},"author":1,"featured_media":33694,"comment_status":"closed","ping_status":"closed","sticky":false,"template":"","format":"standard","meta":{"footnotes":""},"categories":[477,597,476,576,7541],"tags":[7683],"class_list":["post-35747","post","type-post","status-publish","format-standard","has-post-thumbnail","","category-noticias-edulcorantes","category-cinta-de-noticias","category-locales","category-noticias-politicas","category-ultimas-noticias","tag-gabinete-condena-los-atentados-terroristas-de-homs"],"_links":{"self":[{"href":"https:\/\/archive.sana.sy\/es\/index.php?rest_route=\/wp\/v2\/posts\/35747"}],"collection":[{"href":"https:\/\/archive.sana.sy\/es\/index.php?rest_route=\/wp\/v2\/posts"}],"about":[{"href":"https:\/\/archive.sana.sy\/es\/index.php?rest_route=\/wp\/v2\/types\/post"}],"author":[{"embeddable":true,"href":"https:\/\/archive.sana.sy\/es\/index.php?rest_route=\/wp\/v2\/users\/1"}],"replies":[{"embeddable":true,"href":"https:\/\/archive.sana.sy\/es\/index.php?rest_route=%2Fwp%2Fv2%2Fcomments&post=35747"}],"version-history":[{"count":0,"href":"https:\/\/archive.sana.sy\/es\/index.php?rest_route=\/wp\/v2\/posts\/35747\/revisions"}],"wp:featuredmedia":[{"embeddable":true,"href":"https:\/\/archive.sana.sy\/es\/index.php?rest_route=\/wp\/v2\/media\/33694"}],"wp:attachment":[{"href":"https:\/\/archive.sana.sy\/es\/index.php?rest_route=%2Fwp%2Fv2%2Fmedia&parent=35747"}],"wp:term":[{"taxonomy":"category","embeddable":true,"href":"https:\/\/archive.sana.sy\/es\/index.php?rest_route=%2Fwp%2Fv2%2Fcategories&post=35747"},{"taxonomy":"post_tag","embeddable":true,"href":"https:\/\/archive.sana.sy\/es\/index.php?rest_route=%2Fwp%2Fv2%2Ftags&post=35747"}],"curies":[{"name":"wp","href":"https:\/\/api.w.org\/{rel}","templated":true}]}}