{"id":35749,"date":"2015-12-28T15:04:20","date_gmt":"2015-12-28T13:04:20","guid":{"rendered":"http:\/\/sana.sy\/es\/?p=35749"},"modified":"2015-12-28T15:04:20","modified_gmt":"2015-12-28T13:04:20","slug":"lavrov-la-solucion-en-siria-depende-del-exito-de-la-coordinacion-entre-los-miembros-de-la-sociedad-internacional-y-la-eficacia-en-la-lucha-contra-el-terrorismo","status":"publish","type":"post","link":"https:\/\/archive.sana.sy\/es\/?p=35749","title":{"rendered":"Lavrov: la soluci\u00f3n en Siria depende del \u00e9xito de la coordinaci\u00f3n entre los miembros de la sociedad internacional y la eficacia en la lucha contra el terrorismo"},"content":{"rendered":"<p><span style=\"color: #800000\"><strong>Mosc\u00fa, SANA<\/strong><\/span><\/p>\n<p><strong>El Ministro de Exteriores ruso Serguei Lavrov afirm\u00f3 que la soluci\u00f3n en Siria depende del \u00e9xito de la coordinaci\u00f3n entre los miembros de la comunidad internacional y de los esfuerzos\u00a0 para forjar una coordinaci\u00f3n internacional en el\u00a0 combate al terrorismo.<\/strong><\/p>\n<p><strong>Lavrov revel\u00f3 que Rusia continuar\u00e1 su contribuci\u00f3n en la formaci\u00f3n de una delegaci\u00f3n de la oposici\u00f3n siria en el tiempo determinado para realizar conversaciones con el gobierno sirio, afirmando que el principio b\u00e1sico consiste en que el futuro de Siria debe ser determinado por los sirios y debe conservarse la soberan\u00eda y la unidad de este pa\u00eds.<\/strong><\/p>\n<p><strong>El mismo declar\u00f3 que los bandos de la oposici\u00f3n no han llegado a un consenso para la formaci\u00f3n de una delegaci\u00f3n a las conversaciones con el gobierno sirio que anunci\u00f3 su disposici\u00f3n a ir a las conversaciones sin intervenci\u00f3n externa.<\/strong><\/p>\n<p><span style=\"color: #3366ff\">Hala B., Riad Sh.<\/span><\/p>\n","protected":false},"excerpt":{"rendered":"<p>Mosc\u00fa, SANA El Ministro de Exteriores ruso Serguei Lavrov afirm\u00f3 que la soluci\u00f3n en Siria depende del \u00e9xito de la coordinaci\u00f3n entre los miembros de la comunidad internacional y de los esfuerzos\u00a0 para forjar una coordinaci\u00f3n internacional en el\u00a0 combate al terrorismo. Lavrov revel\u00f3 que Rusia continuar\u00e1 su contribuci\u00f3n en la formaci\u00f3n de una delegaci\u00f3n &hellip;<\/p>\n","protected":false},"author":1,"featured_media":35750,"comment_status":"closed","ping_status":"closed","sticky":false,"template":"","format":"standard","meta":{"footnotes":""},"categories":[597,456,457,576,7541],"tags":[7684],"class_list":["post-35749","post","type-post","status-publish","format-standard","has-post-thumbnail","","category-cinta-de-noticias","category-arabe-internacional-politica","category-noticias-arabe-internacional-politica","category-noticias-politicas","category-ultimas-noticias","tag-lavrov-la-solucion-en-siria-depende-del-exito-de-la-coordinacion-entre-los-miembros-de-la-sociedad-internacional-y-la-eficacia-en-la-lucha-contra-el-terrorismo"],"_links":{"self":[{"href":"https:\/\/archive.sana.sy\/es\/index.php?rest_route=\/wp\/v2\/posts\/35749"}],"collection":[{"href":"https:\/\/archive.sana.sy\/es\/index.php?rest_route=\/wp\/v2\/posts"}],"about":[{"href":"https:\/\/archive.sana.sy\/es\/index.php?rest_route=\/wp\/v2\/types\/post"}],"author":[{"embeddable":true,"href":"https:\/\/archive.sana.sy\/es\/index.php?rest_route=\/wp\/v2\/users\/1"}],"replies":[{"embeddable":true,"href":"https:\/\/archive.sana.sy\/es\/index.php?rest_route=%2Fwp%2Fv2%2Fcomments&post=35749"}],"version-history":[{"count":0,"href":"https:\/\/archive.sana.sy\/es\/index.php?rest_route=\/wp\/v2\/posts\/35749\/revisions"}],"wp:featuredmedia":[{"embeddable":true,"href":"https:\/\/archive.sana.sy\/es\/index.php?rest_route=\/wp\/v2\/media\/35750"}],"wp:attachment":[{"href":"https:\/\/archive.sana.sy\/es\/index.php?rest_route=%2Fwp%2Fv2%2Fmedia&parent=35749"}],"wp:term":[{"taxonomy":"category","embeddable":true,"href":"https:\/\/archive.sana.sy\/es\/index.php?rest_route=%2Fwp%2Fv2%2Fcategories&post=35749"},{"taxonomy":"post_tag","embeddable":true,"href":"https:\/\/archive.sana.sy\/es\/index.php?rest_route=%2Fwp%2Fv2%2Ftags&post=35749"}],"curies":[{"name":"wp","href":"https:\/\/api.w.org\/{rel}","templated":true}]}}