{"id":357663,"date":"2025-06-30T20:23:14","date_gmt":"2025-06-30T17:23:14","guid":{"rendered":"https:\/\/sana.sy\/es\/?p=357663"},"modified":"2025-06-30T20:23:14","modified_gmt":"2025-06-30T17:23:14","slug":"onu-renueva-el-mandato-de-undof-en-el-golan-sirio","status":"publish","type":"post","link":"https:\/\/archive.sana.sy\/es\/?p=357663","title":{"rendered":"ONU renueva el mandato de UNDOF en el Gol\u00e1n sirio"},"content":{"rendered":"<p style=\"text-align: justify;\"><span style=\"color: #800000;\"><strong>Nueva York, 30 jun (SANA)\u00a0<\/strong><\/span> El Consejo de Seguridad de las Naciones Unidas aprob\u00f3 por unanimidad la Resoluci\u00f3n 2782 que extiende por seis meses el mandato de la Fuerza de las Naciones Unidas de Observaci\u00f3n de la Separaci\u00f3n (UNDOF) en el Gol\u00e1n sirio.<\/p>\n<p style=\"text-align: justify;\">Los 15 miembros del Consejo votaron a favor de mantener esta misi\u00f3n de paz que fue establecida el 31 de mayo de 1974 para supervisar el cumplimiento del acuerdo de separaci\u00f3n.<\/p>\n<p style=\"text-align: justify;\">Jean-Pierre Lacroix, secretario general adjunto de la ONU para Operaciones de Paz, destac\u00f3 recientemente que &#8220;la UNDOF sigue desempe\u00f1ando un papel crucial y est\u00e1 haciendo todo lo posible para garantizar la separaci\u00f3n&#8221;.<\/p>\n","protected":false},"excerpt":{"rendered":"<p>Nueva York, 30 jun (SANA)\u00a0 El Consejo de Seguridad de las Naciones Unidas aprob\u00f3 por unanimidad la Resoluci\u00f3n 2782 que extiende por seis meses el mandato de la Fuerza de las Naciones Unidas de Observaci\u00f3n de la Separaci\u00f3n (UNDOF) en el Gol\u00e1n sirio. Los 15 miembros del Consejo votaron a favor de mantener esta misi\u00f3n &hellip;<\/p>\n","protected":false},"author":31,"featured_media":357664,"comment_status":"closed","ping_status":"closed","sticky":false,"template":"","format":"standard","meta":{"footnotes":""},"categories":[597,467,7541],"tags":[],"class_list":["post-357663","post","type-post","status-publish","format-standard","has-post-thumbnail","","category-cinta-de-noticias","category-siria-y-el-mundo","category-ultimas-noticias"],"_links":{"self":[{"href":"https:\/\/archive.sana.sy\/es\/index.php?rest_route=\/wp\/v2\/posts\/357663"}],"collection":[{"href":"https:\/\/archive.sana.sy\/es\/index.php?rest_route=\/wp\/v2\/posts"}],"about":[{"href":"https:\/\/archive.sana.sy\/es\/index.php?rest_route=\/wp\/v2\/types\/post"}],"author":[{"embeddable":true,"href":"https:\/\/archive.sana.sy\/es\/index.php?rest_route=\/wp\/v2\/users\/31"}],"replies":[{"embeddable":true,"href":"https:\/\/archive.sana.sy\/es\/index.php?rest_route=%2Fwp%2Fv2%2Fcomments&post=357663"}],"version-history":[{"count":1,"href":"https:\/\/archive.sana.sy\/es\/index.php?rest_route=\/wp\/v2\/posts\/357663\/revisions"}],"predecessor-version":[{"id":357665,"href":"https:\/\/archive.sana.sy\/es\/index.php?rest_route=\/wp\/v2\/posts\/357663\/revisions\/357665"}],"wp:featuredmedia":[{"embeddable":true,"href":"https:\/\/archive.sana.sy\/es\/index.php?rest_route=\/wp\/v2\/media\/357664"}],"wp:attachment":[{"href":"https:\/\/archive.sana.sy\/es\/index.php?rest_route=%2Fwp%2Fv2%2Fmedia&parent=357663"}],"wp:term":[{"taxonomy":"category","embeddable":true,"href":"https:\/\/archive.sana.sy\/es\/index.php?rest_route=%2Fwp%2Fv2%2Fcategories&post=357663"},{"taxonomy":"post_tag","embeddable":true,"href":"https:\/\/archive.sana.sy\/es\/index.php?rest_route=%2Fwp%2Fv2%2Ftags&post=357663"}],"curies":[{"name":"wp","href":"https:\/\/api.w.org\/{rel}","templated":true}]}}