{"id":35776,"date":"2015-12-28T20:47:17","date_gmt":"2015-12-28T18:47:17","guid":{"rendered":"http:\/\/sana.sy\/es\/?p=35776"},"modified":"2015-12-28T20:49:31","modified_gmt":"2015-12-28T18:49:31","slug":"siria-y-pakistan-examinan-relaciones-bilaterales-2","status":"publish","type":"post","link":"https:\/\/archive.sana.sy\/es\/?p=35776","title":{"rendered":"Siria y Pakist\u00e1n examinan relaciones bilaterales"},"content":{"rendered":"<p>Damasco-SANA<\/p>\n<p>El primer ministro Wael Al-Halaqi examin\u00f3 el lunes con el embajador de Pakist\u00e1n en Damasco Syed Athar Hussain Bukhari, las relaciones bilaterales y las v\u00edas para desarrollarlas, sobre todo en la econom\u00eda, el comercio, la industria, la agricultura y de desarrollo.<\/p>\n<p>Al-Halaqi expres\u00f3 el deseo de Siria de reactivar los acuerdos firmados entre los dos pa\u00edses, y de firmar nuevos acuerdos que contribuyen a ampliar el intercambio comercial, especialmente en los campos de cereales, arroz, az\u00facar, tecnolog\u00eda de la informaci\u00f3n, productos farmac\u00e9uticos y suministros m\u00e9dicos y quir\u00fargicos, as\u00ed como impulsar el intercambio cultural y promover el establecimiento de proyectos de inversi\u00f3n conjunta.<\/p>\n<p>Asimismo invit\u00f3 a los hombres de negocios pakistan\u00edes a establecer proyectos de desarrollo en Siria y fundar un Consejo de Negocios conjunto sirio-pakistan\u00ed, adem\u00e1s de realizar exposiciones comerciales e industriales conjuntas.<\/p>\n<p>A su vez, Bujari subray\u00f3 el inter\u00e9s de del gobierno paquistan\u00ed en desarrollar las relaciones bilaterales y manifest\u00f3 el apoyo del pueblo y gobierno paquistan\u00ed a la dirigencia y pueblo de Siria de cara al terrorismo.<\/p>\n<p>Yamil K.<\/p>\n","protected":false},"excerpt":{"rendered":"<p>Damasco-SANA El primer ministro Wael Al-Halaqi examin\u00f3 el lunes con el embajador de Pakist\u00e1n en Damasco Syed Athar Hussain Bukhari, las relaciones bilaterales y las v\u00edas para desarrollarlas, sobre todo en la econom\u00eda, el comercio, la industria, la agricultura y de desarrollo. Al-Halaqi expres\u00f3 el deseo de Siria de reactivar los acuerdos firmados entre los &hellip;<\/p>\n","protected":false},"author":1,"featured_media":35778,"comment_status":"closed","ping_status":"closed","sticky":false,"template":"","format":"standard","meta":{"footnotes":""},"categories":[477,476,576,467,7541],"tags":[],"class_list":["post-35776","post","type-post","status-publish","format-standard","has-post-thumbnail","","category-noticias-edulcorantes","category-locales","category-noticias-politicas","category-siria-y-el-mundo","category-ultimas-noticias"],"_links":{"self":[{"href":"https:\/\/archive.sana.sy\/es\/index.php?rest_route=\/wp\/v2\/posts\/35776"}],"collection":[{"href":"https:\/\/archive.sana.sy\/es\/index.php?rest_route=\/wp\/v2\/posts"}],"about":[{"href":"https:\/\/archive.sana.sy\/es\/index.php?rest_route=\/wp\/v2\/types\/post"}],"author":[{"embeddable":true,"href":"https:\/\/archive.sana.sy\/es\/index.php?rest_route=\/wp\/v2\/users\/1"}],"replies":[{"embeddable":true,"href":"https:\/\/archive.sana.sy\/es\/index.php?rest_route=%2Fwp%2Fv2%2Fcomments&post=35776"}],"version-history":[{"count":0,"href":"https:\/\/archive.sana.sy\/es\/index.php?rest_route=\/wp\/v2\/posts\/35776\/revisions"}],"wp:featuredmedia":[{"embeddable":true,"href":"https:\/\/archive.sana.sy\/es\/index.php?rest_route=\/wp\/v2\/media\/35778"}],"wp:attachment":[{"href":"https:\/\/archive.sana.sy\/es\/index.php?rest_route=%2Fwp%2Fv2%2Fmedia&parent=35776"}],"wp:term":[{"taxonomy":"category","embeddable":true,"href":"https:\/\/archive.sana.sy\/es\/index.php?rest_route=%2Fwp%2Fv2%2Fcategories&post=35776"},{"taxonomy":"post_tag","embeddable":true,"href":"https:\/\/archive.sana.sy\/es\/index.php?rest_route=%2Fwp%2Fv2%2Ftags&post=35776"}],"curies":[{"name":"wp","href":"https:\/\/api.w.org\/{rel}","templated":true}]}}