{"id":35782,"date":"2015-12-29T12:22:14","date_gmt":"2015-12-29T10:22:14","guid":{"rendered":"http:\/\/sana.sy\/es\/?p=35782"},"modified":"2015-12-29T12:22:14","modified_gmt":"2015-12-29T10:22:14","slug":"lavrov-hay-que-dejar-de-poner-condiciones-para-crear-un-frente-unico-antiterrorista","status":"publish","type":"post","link":"https:\/\/archive.sana.sy\/es\/?p=35782","title":{"rendered":"Lavrov: hay que dejar de poner condiciones para crear un frente \u00fanico antiterrorista"},"content":{"rendered":"<p><span style=\"color: #800000\">Mosc\u00fa, SANA<\/span><\/p>\n<p>El ministro de Exteriores de Rusia, Sergu\u00e9i Lavrov, y el secretario de Estado de EEUU, John Kerry, analizaron en una conversaci\u00f3n telef\u00f3nica la soluci\u00f3n del conflicto en Siria.<\/p>\n<p>En un comunicado, la Canciller\u00eda rusa inform\u00f3 que ambos cancilleres abordaron las<br \/>\nperspectivas de poner fin a la crisis en Siria en el contexto de las negociaciones entre el Gobierno y la oposici\u00f3n organizadas por el enviado especial del secretario general de la ONU, Staffan De Mistura.<\/p>\n<p>Lavrov reiter\u00f3 la necesidad de dejar de poner condiciones para la creaci\u00f3n de un frente \u00fanico contra grupos terroristas, en particular la organizaci\u00f3n terrorista del Estado Isl\u00e1mico<\/p>\n<p>Los dos diplom\u00e1ticos tambi\u00e9n abordaron el tema de la realizaci\u00f3n el Plan Integral de Acci\u00f3n Conjunta para resolver la situaci\u00f3n con el programa nuclear iran\u00ed.<\/p>\n<p><span style=\"color: #3366ff\">Fady M., Hala B.<\/span><\/p>\n","protected":false},"excerpt":{"rendered":"<p>Mosc\u00fa, SANA El ministro de Exteriores de Rusia, Sergu\u00e9i Lavrov, y el secretario de Estado de EEUU, John Kerry, analizaron en una conversaci\u00f3n telef\u00f3nica la soluci\u00f3n del conflicto en Siria. En un comunicado, la Canciller\u00eda rusa inform\u00f3 que ambos cancilleres abordaron las perspectivas de poner fin a la crisis en Siria en el contexto de &hellip;<\/p>\n","protected":false},"author":1,"featured_media":35783,"comment_status":"closed","ping_status":"closed","sticky":false,"template":"","format":"standard","meta":{"footnotes":""},"categories":[597,456,457,576,7541],"tags":[7685],"class_list":["post-35782","post","type-post","status-publish","format-standard","has-post-thumbnail","","category-cinta-de-noticias","category-arabe-internacional-politica","category-noticias-arabe-internacional-politica","category-noticias-politicas","category-ultimas-noticias","tag-lavrov-hay-que-dejar-de-poner-condiciones-para-crear-un-frente-unico-antiterrorista"],"_links":{"self":[{"href":"https:\/\/archive.sana.sy\/es\/index.php?rest_route=\/wp\/v2\/posts\/35782"}],"collection":[{"href":"https:\/\/archive.sana.sy\/es\/index.php?rest_route=\/wp\/v2\/posts"}],"about":[{"href":"https:\/\/archive.sana.sy\/es\/index.php?rest_route=\/wp\/v2\/types\/post"}],"author":[{"embeddable":true,"href":"https:\/\/archive.sana.sy\/es\/index.php?rest_route=\/wp\/v2\/users\/1"}],"replies":[{"embeddable":true,"href":"https:\/\/archive.sana.sy\/es\/index.php?rest_route=%2Fwp%2Fv2%2Fcomments&post=35782"}],"version-history":[{"count":0,"href":"https:\/\/archive.sana.sy\/es\/index.php?rest_route=\/wp\/v2\/posts\/35782\/revisions"}],"wp:featuredmedia":[{"embeddable":true,"href":"https:\/\/archive.sana.sy\/es\/index.php?rest_route=\/wp\/v2\/media\/35783"}],"wp:attachment":[{"href":"https:\/\/archive.sana.sy\/es\/index.php?rest_route=%2Fwp%2Fv2%2Fmedia&parent=35782"}],"wp:term":[{"taxonomy":"category","embeddable":true,"href":"https:\/\/archive.sana.sy\/es\/index.php?rest_route=%2Fwp%2Fv2%2Fcategories&post=35782"},{"taxonomy":"post_tag","embeddable":true,"href":"https:\/\/archive.sana.sy\/es\/index.php?rest_route=%2Fwp%2Fv2%2Ftags&post=35782"}],"curies":[{"name":"wp","href":"https:\/\/api.w.org\/{rel}","templated":true}]}}