{"id":35797,"date":"2015-12-29T13:19:34","date_gmt":"2015-12-29T11:19:34","guid":{"rendered":"http:\/\/sana.sy\/es\/?p=35797"},"modified":"2015-12-29T19:41:28","modified_gmt":"2015-12-29T17:41:28","slug":"anuncian-la-creacion-de-la-asamblea-popular-arabe-antiterrorista-en-siria-e-irak","status":"publish","type":"post","link":"https:\/\/archive.sana.sy\/es\/?p=35797","title":{"rendered":"Anuncian la creaci\u00f3n de la Asamblea Popular \u00c1rabe Antiterrorista en Siria e Irak"},"content":{"rendered":"<p><span style=\"color: #800000\">Bagdad, SANA<\/span><\/p>\n<p>Fue anunciada en la capital iraqu\u00ed Bagdad, la creaci\u00f3n de la Asamblea Popular \u00c1rabe Antiterrorista en Siria e Irak.<\/p>\n<p>El anuncio fue en la clausura de una conferencia a la que asistieron representantes de partidos y movimientos nacionalistas y panarabistas, instituciones universitarias, organizaciones y asociaciones y sindicatos profesionales, y destacadas figuras religiosas y tribales populares.<\/p>\n<p>Un comunicado emitido al final de la Conferencia inform\u00f3 que la creaci\u00f3n de la Asamblea toma en cuenta que el enfrentamiento al terrorismo en Siria e Irak es una responsabilidad nacional que impone a los hijos de la naci\u00f3n \u00e1rabe cumplir el deber de salvar la naci\u00f3n y la humanidad de los males del terrorismo transfronterizo.<\/p>\n<p>El comunicado llam\u00f3 a mayor coordinaci\u00f3n y cooperaciones entre los gobiernos de Siria e Irak en el campo de la lucha contra el terrorismo.<\/p>\n<p>Tambi\u00e9n llama a alcanzar el mejor respaldo popular a las Fuerzas Armadas de Siria e Irak y efectuar una campa\u00f1a internacional para respaladar el esfuerxo pol\u00edtico y diplom\u00e1tico de Siria e Irak para revelar la verdad de las fuerzas que apoyan el terrorismo.<\/p>\n<p><span style=\"color: #3366ff\">Fady M., Hala B.<\/span><\/p>\n","protected":false},"excerpt":{"rendered":"<p>Bagdad, SANA Fue anunciada en la capital iraqu\u00ed Bagdad, la creaci\u00f3n de la Asamblea Popular \u00c1rabe Antiterrorista en Siria e Irak. El anuncio fue en la clausura de una conferencia a la que asistieron representantes de partidos y movimientos nacionalistas y panarabistas, instituciones universitarias, organizaciones y asociaciones y sindicatos profesionales, y destacadas figuras religiosas y &hellip;<\/p>\n","protected":false},"author":1,"featured_media":35798,"comment_status":"closed","ping_status":"closed","sticky":false,"template":"","format":"standard","meta":{"footnotes":""},"categories":[597,456,457,583,7541],"tags":[7687],"class_list":["post-35797","post","type-post","status-publish","format-standard","has-post-thumbnail","","category-cinta-de-noticias","category-arabe-internacional-politica","category-noticias-arabe-internacional-politica","category-slide","category-ultimas-noticias","tag-anuncian-la-creacion-de-la-asamblea-popular-arabe-antiterrorista-en-siria-e-irak"],"_links":{"self":[{"href":"https:\/\/archive.sana.sy\/es\/index.php?rest_route=\/wp\/v2\/posts\/35797"}],"collection":[{"href":"https:\/\/archive.sana.sy\/es\/index.php?rest_route=\/wp\/v2\/posts"}],"about":[{"href":"https:\/\/archive.sana.sy\/es\/index.php?rest_route=\/wp\/v2\/types\/post"}],"author":[{"embeddable":true,"href":"https:\/\/archive.sana.sy\/es\/index.php?rest_route=\/wp\/v2\/users\/1"}],"replies":[{"embeddable":true,"href":"https:\/\/archive.sana.sy\/es\/index.php?rest_route=%2Fwp%2Fv2%2Fcomments&post=35797"}],"version-history":[{"count":0,"href":"https:\/\/archive.sana.sy\/es\/index.php?rest_route=\/wp\/v2\/posts\/35797\/revisions"}],"wp:featuredmedia":[{"embeddable":true,"href":"https:\/\/archive.sana.sy\/es\/index.php?rest_route=\/wp\/v2\/media\/35798"}],"wp:attachment":[{"href":"https:\/\/archive.sana.sy\/es\/index.php?rest_route=%2Fwp%2Fv2%2Fmedia&parent=35797"}],"wp:term":[{"taxonomy":"category","embeddable":true,"href":"https:\/\/archive.sana.sy\/es\/index.php?rest_route=%2Fwp%2Fv2%2Fcategories&post=35797"},{"taxonomy":"post_tag","embeddable":true,"href":"https:\/\/archive.sana.sy\/es\/index.php?rest_route=%2Fwp%2Fv2%2Ftags&post=35797"}],"curies":[{"name":"wp","href":"https:\/\/api.w.org\/{rel}","templated":true}]}}