{"id":35809,"date":"2015-12-29T20:03:39","date_gmt":"2015-12-29T18:03:39","guid":{"rendered":"http:\/\/sana.sy\/es\/?p=35809"},"modified":"2023-01-10T15:17:13","modified_gmt":"2023-01-10T13:17:13","slug":"nuevo-decreto-presidencial-sobre-el-arreglo-de-las-deudas-estancadas","status":"publish","type":"post","link":"https:\/\/archive.sana.sy\/es\/?p=35809","title":{"rendered":"Nuevo decreto presidencial sobre el arreglo de las deudas estancadas"},"content":{"rendered":"<p style=\"text-align: justify\"><span style=\"color: #800000\">Damasco, SANA<\/span>&#8211; El presidente Bashar al-Assad emiti\u00f3 el martes el decreto No. 26 para el a\u00f1o 2015, sobre el arreglo de las deudas estancadas para los bancos del sector p\u00fablico.<\/p>\n<p style=\"text-align: justify\">El nuevo decreto establece las condiciones para el arreglo de las deudas, los requisitos y los plazos necesarios para llevar a cabo la liquidaci\u00f3n, las condiciones de las exenciones de las cuotas vencidas. Asimismo, establece la formaci\u00f3n de los comit\u00e9s encargados de estudiar las solicitudes y aprobarlas.<\/p>\n<p style=\"text-align: justify\">En una declaraci\u00f3n a SANA, el ministro de Finanzas, Ismail Ismail dijo que la liquidaci\u00f3n de las deudas estancadas es uno de los temas m\u00e1s complicados y sensibles, en particular durante la crisis actual, y que la nueva ley aportar\u00e1 mayor flexibilidad a la liquidaci\u00f3n de las deudas conforme las condiciones especiales de cada deuda en particular.<\/p>\n<p>M.Miri., Riad. Sh.<\/p>\n","protected":false},"excerpt":{"rendered":"<p>Damasco, SANA&#8211; El presidente Bashar al-Assad emiti\u00f3 el martes el decreto No. 26 para el a\u00f1o 2015, sobre el arreglo de las deudas estancadas para los bancos del sector p\u00fablico. El nuevo decreto establece las condiciones para el arreglo de las deudas, los requisitos y los plazos necesarios para llevar a cabo la liquidaci\u00f3n, las &hellip;<\/p>\n","protected":false},"author":1,"featured_media":35810,"comment_status":"closed","ping_status":"closed","sticky":false,"template":"","format":"standard","meta":{"footnotes":""},"categories":[477,485,476,626,7541],"tags":[7691],"class_list":["post-35809","post","type-post","status-publish","format-standard","has-post-thumbnail","","category-noticias-edulcorantes","category-informes-negocios-y-finanzas","category-locales","category-sr-presidente","category-ultimas-noticias","tag-nuevo-decreto-presidencial-sobre-el-arreglo-de-las-deudas-estancadas"],"_links":{"self":[{"href":"https:\/\/archive.sana.sy\/es\/index.php?rest_route=\/wp\/v2\/posts\/35809"}],"collection":[{"href":"https:\/\/archive.sana.sy\/es\/index.php?rest_route=\/wp\/v2\/posts"}],"about":[{"href":"https:\/\/archive.sana.sy\/es\/index.php?rest_route=\/wp\/v2\/types\/post"}],"author":[{"embeddable":true,"href":"https:\/\/archive.sana.sy\/es\/index.php?rest_route=\/wp\/v2\/users\/1"}],"replies":[{"embeddable":true,"href":"https:\/\/archive.sana.sy\/es\/index.php?rest_route=%2Fwp%2Fv2%2Fcomments&post=35809"}],"version-history":[{"count":0,"href":"https:\/\/archive.sana.sy\/es\/index.php?rest_route=\/wp\/v2\/posts\/35809\/revisions"}],"wp:featuredmedia":[{"embeddable":true,"href":"https:\/\/archive.sana.sy\/es\/index.php?rest_route=\/wp\/v2\/media\/35810"}],"wp:attachment":[{"href":"https:\/\/archive.sana.sy\/es\/index.php?rest_route=%2Fwp%2Fv2%2Fmedia&parent=35809"}],"wp:term":[{"taxonomy":"category","embeddable":true,"href":"https:\/\/archive.sana.sy\/es\/index.php?rest_route=%2Fwp%2Fv2%2Fcategories&post=35809"},{"taxonomy":"post_tag","embeddable":true,"href":"https:\/\/archive.sana.sy\/es\/index.php?rest_route=%2Fwp%2Fv2%2Ftags&post=35809"}],"curies":[{"name":"wp","href":"https:\/\/api.w.org\/{rel}","templated":true}]}}