{"id":35814,"date":"2015-12-29T20:37:48","date_gmt":"2015-12-29T18:37:48","guid":{"rendered":"http:\/\/sana.sy\/es\/?p=35814"},"modified":"2015-12-29T20:37:48","modified_gmt":"2015-12-29T18:37:48","slug":"de-mistura-para-visitara-siria-para-preparar-el-encuentro-intersirio","status":"publish","type":"post","link":"https:\/\/archive.sana.sy\/es\/?p=35814","title":{"rendered":"De Mistura para visitar\u00e1 Siria para preparar el encuentro intersirio"},"content":{"rendered":"<p style=\"text-align: justify\"><span style=\"color: #800000\">Mosc\u00fa, SANA<\/span>&#8211; Vicecanciller ruso Gennadiy Gatilov dijo que los preparativos para la reuni\u00f3n intersiria que se celebrar\u00e1 el 25 de enero en Ginebra no se han completado, por lo que el enviado especial a Siria Staffan de Mistura ONU llevar\u00e1 a cabo una visita a Damasco y otros pa\u00edses de la regi\u00f3n con el fin de formar la delegaci\u00f3n de la oposici\u00f3n antes de la fecha establecida.<\/p>\n<p style=\"text-align: justify\">Gatilov inform\u00f3 a los periodistas que el enviado de la ONU est\u00e1 contando con la cooperaci\u00f3n de las partes sirias para celebrar la reuni\u00f3n en la fecha prevista, pero todav\u00eda hay algunas cuestiones relacionadas con esta reuni\u00f3n que siguen sin resolverse, en particular, en relaci\u00f3n con la formaci\u00f3n de la delegaci\u00f3n de representantes de la oposici\u00f3n.<\/p>\n<p>M.Miri<\/p>\n","protected":false},"excerpt":{"rendered":"<p>Mosc\u00fa, SANA&#8211; Vicecanciller ruso Gennadiy Gatilov dijo que los preparativos para la reuni\u00f3n intersiria que se celebrar\u00e1 el 25 de enero en Ginebra no se han completado, por lo que el enviado especial a Siria Staffan de Mistura ONU llevar\u00e1 a cabo una visita a Damasco y otros pa\u00edses de la regi\u00f3n con el fin &hellip;<\/p>\n","protected":false},"author":1,"featured_media":35815,"comment_status":"closed","ping_status":"closed","sticky":false,"template":"","format":"standard","meta":{"footnotes":""},"categories":[467,7541],"tags":[7692],"class_list":["post-35814","post","type-post","status-publish","format-standard","has-post-thumbnail","","category-siria-y-el-mundo","category-ultimas-noticias","tag-de-mistura-para-visitara-siria-para-preparar-el-encuentro-intersirio"],"_links":{"self":[{"href":"https:\/\/archive.sana.sy\/es\/index.php?rest_route=\/wp\/v2\/posts\/35814"}],"collection":[{"href":"https:\/\/archive.sana.sy\/es\/index.php?rest_route=\/wp\/v2\/posts"}],"about":[{"href":"https:\/\/archive.sana.sy\/es\/index.php?rest_route=\/wp\/v2\/types\/post"}],"author":[{"embeddable":true,"href":"https:\/\/archive.sana.sy\/es\/index.php?rest_route=\/wp\/v2\/users\/1"}],"replies":[{"embeddable":true,"href":"https:\/\/archive.sana.sy\/es\/index.php?rest_route=%2Fwp%2Fv2%2Fcomments&post=35814"}],"version-history":[{"count":0,"href":"https:\/\/archive.sana.sy\/es\/index.php?rest_route=\/wp\/v2\/posts\/35814\/revisions"}],"wp:featuredmedia":[{"embeddable":true,"href":"https:\/\/archive.sana.sy\/es\/index.php?rest_route=\/wp\/v2\/media\/35815"}],"wp:attachment":[{"href":"https:\/\/archive.sana.sy\/es\/index.php?rest_route=%2Fwp%2Fv2%2Fmedia&parent=35814"}],"wp:term":[{"taxonomy":"category","embeddable":true,"href":"https:\/\/archive.sana.sy\/es\/index.php?rest_route=%2Fwp%2Fv2%2Fcategories&post=35814"},{"taxonomy":"post_tag","embeddable":true,"href":"https:\/\/archive.sana.sy\/es\/index.php?rest_route=%2Fwp%2Fv2%2Ftags&post=35814"}],"curies":[{"name":"wp","href":"https:\/\/api.w.org\/{rel}","templated":true}]}}