{"id":35821,"date":"2015-12-29T20:47:18","date_gmt":"2015-12-29T18:47:18","guid":{"rendered":"http:\/\/sana.sy\/es\/?p=35821"},"modified":"2015-12-29T20:47:18","modified_gmt":"2015-12-29T18:47:18","slug":"la-asamblea-del-pueblo-conoce-tres-proyectos-de-ley","status":"publish","type":"post","link":"https:\/\/archive.sana.sy\/es\/?p=35821","title":{"rendered":"La Asamblea del Pueblo conoce tres proyectos de ley"},"content":{"rendered":"<p style=\"text-align: justify\"><span style=\"color: #800000\">Damasco, SANA<\/span>&#8211; La Asamblea del Pueblo aprob\u00f3 durante la sesi\u00f3n del martes un proyecto de ley sobre el establecimiento de la nueva direcci\u00f3n para el apoyo del Desarrollo de la Producci\u00f3n nacional y la Exportaci\u00f3n incorporada al Ministerio de Econom\u00eda y Comercio Exterior para reemplazar la existente direcci\u00f3n de Desarrollo de Exportaci\u00f3n y Promoci\u00f3n.<\/p>\n<p style=\"text-align: justify\">El nuevo organismo tiene como objetivo apoyar, desarrollar y mejorar la producci\u00f3n local destinada a la exportaci\u00f3n y la mejora de su competitividad, adem\u00e1s de apoyar las actividades de los sindicatos y las c\u00e1maras de la industria, el comercio, la agricultura y el turismo, as\u00ed como los sindicatos de los exportadores.<\/p>\n<p style=\"text-align: justify\">Las tareas de la comisi\u00f3n incluyen la elaboraci\u00f3n de planes y programas para la aplicaci\u00f3n de la estrategia de desarrollo de la producci\u00f3n nacional y las exportaciones impulsar.<\/p>\n<p style=\"text-align: justify\">La Asamblea Popular aprob\u00f3 tambi\u00e9n un proyecto de ley sobre el establecimiento de una agencia para el desarrollo de las peque\u00f1as y medianas proyectos para reemplazar la Agencia general vigente para el Empleo y Desarrollo de Proyectos.<\/p>\n<p style=\"text-align: justify\">La nueva agencia tiene como objetivo la elaboraci\u00f3n de una gu\u00eda para los peque\u00f1os y medianos proyectos de acuerdo con el tama\u00f1o de sus actividades y la distribuci\u00f3n geogr\u00e1fica.<\/p>\n<p style=\"text-align: justify\">Por \u00faltimo, la Asamblea aprob\u00f3 un proyecto de ley sobre la exenci\u00f3n de los hombres de negocios y empresarios que est\u00e1n registrados en la Organizaci\u00f3n General de la Seguridad Social de las sanciones y los intereses establecidas en la ley de seguros, bajo la condici\u00f3n de pagar lo que deben dentro de un a\u00f1o.<\/p>\n<p>M.Miri<\/p>\n","protected":false},"excerpt":{"rendered":"<p>Damasco, SANA&#8211; La Asamblea del Pueblo aprob\u00f3 durante la sesi\u00f3n del martes un proyecto de ley sobre el establecimiento de la nueva direcci\u00f3n para el apoyo del Desarrollo de la Producci\u00f3n nacional y la Exportaci\u00f3n incorporada al Ministerio de Econom\u00eda y Comercio Exterior para reemplazar la existente direcci\u00f3n de Desarrollo de Exportaci\u00f3n y Promoci\u00f3n. El &hellip;<\/p>\n","protected":false},"author":1,"featured_media":35822,"comment_status":"closed","ping_status":"closed","sticky":false,"template":"","format":"standard","meta":{"footnotes":""},"categories":[477,476,7541],"tags":[7695],"class_list":["post-35821","post","type-post","status-publish","format-standard","has-post-thumbnail","","category-noticias-edulcorantes","category-locales","category-ultimas-noticias","tag-la-asamblea-del-pueblo-conoce-tres-proyectos-de-ley"],"_links":{"self":[{"href":"https:\/\/archive.sana.sy\/es\/index.php?rest_route=\/wp\/v2\/posts\/35821"}],"collection":[{"href":"https:\/\/archive.sana.sy\/es\/index.php?rest_route=\/wp\/v2\/posts"}],"about":[{"href":"https:\/\/archive.sana.sy\/es\/index.php?rest_route=\/wp\/v2\/types\/post"}],"author":[{"embeddable":true,"href":"https:\/\/archive.sana.sy\/es\/index.php?rest_route=\/wp\/v2\/users\/1"}],"replies":[{"embeddable":true,"href":"https:\/\/archive.sana.sy\/es\/index.php?rest_route=%2Fwp%2Fv2%2Fcomments&post=35821"}],"version-history":[{"count":0,"href":"https:\/\/archive.sana.sy\/es\/index.php?rest_route=\/wp\/v2\/posts\/35821\/revisions"}],"wp:featuredmedia":[{"embeddable":true,"href":"https:\/\/archive.sana.sy\/es\/index.php?rest_route=\/wp\/v2\/media\/35822"}],"wp:attachment":[{"href":"https:\/\/archive.sana.sy\/es\/index.php?rest_route=%2Fwp%2Fv2%2Fmedia&parent=35821"}],"wp:term":[{"taxonomy":"category","embeddable":true,"href":"https:\/\/archive.sana.sy\/es\/index.php?rest_route=%2Fwp%2Fv2%2Fcategories&post=35821"},{"taxonomy":"post_tag","embeddable":true,"href":"https:\/\/archive.sana.sy\/es\/index.php?rest_route=%2Fwp%2Fv2%2Ftags&post=35821"}],"curies":[{"name":"wp","href":"https:\/\/api.w.org\/{rel}","templated":true}]}}