{"id":35830,"date":"2015-12-30T11:41:40","date_gmt":"2015-12-30T09:41:40","guid":{"rendered":"http:\/\/sana.sy\/es\/?p=35830"},"modified":"2015-12-30T11:41:40","modified_gmt":"2015-12-30T09:41:40","slug":"declaracion-final-de-la-conferencia-de-unidad-islamica-llama-a-la-resistencia-para-hacer-frente-a-la-crisis-actual","status":"publish","type":"post","link":"https:\/\/archive.sana.sy\/es\/?p=35830","title":{"rendered":"Declaraci\u00f3n Final de la Conferencia de Unidad Isl\u00e1mica llama a la resistencia para hacer frente a la crisis actual"},"content":{"rendered":"<p><span style=\"color: #800000\">Teher\u00e1n, SANA<\/span><\/p>\n<p>La Declaraci\u00f3n Final de la 29\u00aa Conferencia Internacional de la Unidad Isl\u00e1mica afirm\u00f3 que los riesgos y peligros de destrucci\u00f3n que asechan los pa\u00edses isl\u00e1micos, especialmente Siria, Yemen e Irak, constituyen un servicio para el sionismo y la arrogancia mundial.<\/p>\n<p>La Declaraci\u00f3n fue emitida al final de la conferencia que se celebr\u00f3 en la capital iran\u00ed, Teher\u00e1n, y cont\u00f3 con la presencia del gran muft\u00ed Dr. Ahmad Badr Eddin Hassoun, y el embajador de Siria en Teher\u00e1n, Adnan Mahmoud, adem\u00e1s de delegaciones de 70 pa\u00edses del mundo.<\/p>\n<p>La Declaraci\u00f3n indic\u00f3 que \u201cla oleada de terrorismo es una extensi\u00f3n del terrorismo sionista-estadounidense que busca controlar a los pa\u00edses isl\u00e1micos a trav\u00e9s de la implementaci\u00f3n del \u201cproyecto de caos creativo\u201d para alcanzar un nuevo Oriente Medio\u201d.<\/p>\n<p>Tambi\u00e9n, enfatiza que &#8220;la mano de sabotaje no se limitar\u00e1 a la destrucci\u00f3n de tal o cual pa\u00eds, sino que llegar\u00e1 a todos los pa\u00edses del mundo, incluidos los pa\u00edses que apoyan el terrorismo&#8221;.<\/p>\n<p>Seg\u00fan afirma la Declaraci\u00f3n, la \u00fanica manera de hacer frente a la crisis actual es la resistencia intelectual, cultural, econ\u00f3mica, pol\u00edtica y militar, y que esta resistencia se logra mediante la cooperaci\u00f3n entre los pa\u00edses isl\u00e1micos.<\/p>\n<p>Por \u00faltimo, la declaraci\u00f3n llama a la necesidad de la cooperaci\u00f3n entre las instituciones educativas y las universidades del mundo isl\u00e1mico para difundir la cultura de acercamiento entre las sectas isl\u00e1micas y presentar la verdadera imagen del Islam lejos de la violencia y el extremismo.<\/p>\n<p>Fady m., Hala B.<\/p>\n","protected":false},"excerpt":{"rendered":"<p>Teher\u00e1n, SANA La Declaraci\u00f3n Final de la 29\u00aa Conferencia Internacional de la Unidad Isl\u00e1mica afirm\u00f3 que los riesgos y peligros de destrucci\u00f3n que asechan los pa\u00edses isl\u00e1micos, especialmente Siria, Yemen e Irak, constituyen un servicio para el sionismo y la arrogancia mundial. La Declaraci\u00f3n fue emitida al final de la conferencia que se celebr\u00f3 en &hellip;<\/p>\n","protected":false},"author":1,"featured_media":35831,"comment_status":"closed","ping_status":"closed","sticky":false,"template":"","format":"standard","meta":{"footnotes":""},"categories":[456,457,576,7541],"tags":[7697],"class_list":["post-35830","post","type-post","status-publish","format-standard","has-post-thumbnail","","category-arabe-internacional-politica","category-noticias-arabe-internacional-politica","category-noticias-politicas","category-ultimas-noticias","tag-declaracion-final-de-la-conferencia-de-unidad-islamica-llama-a-la-resistencia-para-hacer-frente-a-la-crisis-actual"],"_links":{"self":[{"href":"https:\/\/archive.sana.sy\/es\/index.php?rest_route=\/wp\/v2\/posts\/35830"}],"collection":[{"href":"https:\/\/archive.sana.sy\/es\/index.php?rest_route=\/wp\/v2\/posts"}],"about":[{"href":"https:\/\/archive.sana.sy\/es\/index.php?rest_route=\/wp\/v2\/types\/post"}],"author":[{"embeddable":true,"href":"https:\/\/archive.sana.sy\/es\/index.php?rest_route=\/wp\/v2\/users\/1"}],"replies":[{"embeddable":true,"href":"https:\/\/archive.sana.sy\/es\/index.php?rest_route=%2Fwp%2Fv2%2Fcomments&post=35830"}],"version-history":[{"count":0,"href":"https:\/\/archive.sana.sy\/es\/index.php?rest_route=\/wp\/v2\/posts\/35830\/revisions"}],"wp:featuredmedia":[{"embeddable":true,"href":"https:\/\/archive.sana.sy\/es\/index.php?rest_route=\/wp\/v2\/media\/35831"}],"wp:attachment":[{"href":"https:\/\/archive.sana.sy\/es\/index.php?rest_route=%2Fwp%2Fv2%2Fmedia&parent=35830"}],"wp:term":[{"taxonomy":"category","embeddable":true,"href":"https:\/\/archive.sana.sy\/es\/index.php?rest_route=%2Fwp%2Fv2%2Fcategories&post=35830"},{"taxonomy":"post_tag","embeddable":true,"href":"https:\/\/archive.sana.sy\/es\/index.php?rest_route=%2Fwp%2Fv2%2Ftags&post=35830"}],"curies":[{"name":"wp","href":"https:\/\/api.w.org\/{rel}","templated":true}]}}