{"id":35833,"date":"2015-12-30T11:46:41","date_gmt":"2015-12-30T09:46:41","guid":{"rendered":"http:\/\/sana.sy\/es\/?p=35833"},"modified":"2015-12-30T11:46:41","modified_gmt":"2015-12-30T09:46:41","slug":"carnaval-en-damasco-con-motivo-de-la-navidad-y-el-ano-nuevo","status":"publish","type":"post","link":"https:\/\/archive.sana.sy\/es\/?p=35833","title":{"rendered":"Carnaval en Damasco con motivo de la Navidad y el A\u00f1o Nuevo"},"content":{"rendered":"<p>Damasco, SANA<\/p>\n<p>Se efectu\u00f3 la tarde del martes la segunda jornada del carnaval (La Navidad Siria) que organiza la Compa\u00f1\u00eda \u201cGrafitis\u201d de Publicidad en cooperaci\u00f3n con el Ministerio de Turismo.<\/p>\n<p>El carnaval que se efect\u00fao en la ciudad de Damasco con motivo de las fiestas de la Navidad y el A\u00f1o Nuevo, incluy\u00f3 cantos y melod\u00edas gregorianas y la repartici\u00f3n de regalos para los ni\u00f1os y los transe\u00fantes por parte de 400 voluntarios vestidos con traje de Santa Claus.<\/p>\n<p><img loading=\"lazy\" decoding=\"async\" class=\"alignnone size-medium wp-image-35834\" src=\"http:\/\/sana.sy\/es\/wp-content\/uploads\/2015\/12\/car2-300x168.jpg\" alt=\"car2\" width=\"300\" height=\"168\" srcset=\"https:\/\/archive.sana.sy\/es\/wp-content\/uploads\/2015\/12\/car2.jpg 300w, https:\/\/archive.sana.sy\/es\/wp-content\/uploads\/2015\/12\/car2-150x84.jpg 150w\" sizes=\"(max-width: 300px) 100vw, 300px\" \/><\/p>\n<p>Uno de los organizadores del carnaval dijo que el carnaval pretende sembrar la alegr\u00eda en los rostros de los ni\u00f1os, mantener la alegr\u00eda en las fiestas sirias y la difusi\u00f3n de la alegr\u00eda y el amor sirios entre los transe\u00fantes.<\/p>\n<p>La actividad pretende adem\u00e1s enviar un mensaje al mundo de que Siria se recuperar\u00e1 y que la alegr\u00eda y la felicidad volver\u00e1n a ese pa\u00eds.<\/p>\n<p>Fady m., Hala B.<\/p>\n","protected":false},"excerpt":{"rendered":"<p>Damasco, SANA Se efectu\u00f3 la tarde del martes la segunda jornada del carnaval (La Navidad Siria) que organiza la Compa\u00f1\u00eda \u201cGrafitis\u201d de Publicidad en cooperaci\u00f3n con el Ministerio de Turismo. El carnaval que se efect\u00fao en la ciudad de Damasco con motivo de las fiestas de la Navidad y el A\u00f1o Nuevo, incluy\u00f3 cantos y &hellip;<\/p>\n","protected":false},"author":1,"featured_media":35835,"comment_status":"closed","ping_status":"closed","sticky":false,"template":"","format":"standard","meta":{"footnotes":""},"categories":[477,597,476],"tags":[7698],"class_list":["post-35833","post","type-post","status-publish","format-standard","has-post-thumbnail","","category-noticias-edulcorantes","category-cinta-de-noticias","category-locales","tag-carnaval-en-damasco-con-motivo-de-la-navidad-y-el-ano-nuevo"],"_links":{"self":[{"href":"https:\/\/archive.sana.sy\/es\/index.php?rest_route=\/wp\/v2\/posts\/35833"}],"collection":[{"href":"https:\/\/archive.sana.sy\/es\/index.php?rest_route=\/wp\/v2\/posts"}],"about":[{"href":"https:\/\/archive.sana.sy\/es\/index.php?rest_route=\/wp\/v2\/types\/post"}],"author":[{"embeddable":true,"href":"https:\/\/archive.sana.sy\/es\/index.php?rest_route=\/wp\/v2\/users\/1"}],"replies":[{"embeddable":true,"href":"https:\/\/archive.sana.sy\/es\/index.php?rest_route=%2Fwp%2Fv2%2Fcomments&post=35833"}],"version-history":[{"count":0,"href":"https:\/\/archive.sana.sy\/es\/index.php?rest_route=\/wp\/v2\/posts\/35833\/revisions"}],"wp:featuredmedia":[{"embeddable":true,"href":"https:\/\/archive.sana.sy\/es\/index.php?rest_route=\/wp\/v2\/media\/35835"}],"wp:attachment":[{"href":"https:\/\/archive.sana.sy\/es\/index.php?rest_route=%2Fwp%2Fv2%2Fmedia&parent=35833"}],"wp:term":[{"taxonomy":"category","embeddable":true,"href":"https:\/\/archive.sana.sy\/es\/index.php?rest_route=%2Fwp%2Fv2%2Fcategories&post=35833"},{"taxonomy":"post_tag","embeddable":true,"href":"https:\/\/archive.sana.sy\/es\/index.php?rest_route=%2Fwp%2Fv2%2Ftags&post=35833"}],"curies":[{"name":"wp","href":"https:\/\/api.w.org\/{rel}","templated":true}]}}