{"id":35842,"date":"2015-12-30T12:40:46","date_gmt":"2015-12-30T10:40:46","guid":{"rendered":"http:\/\/sana.sy\/es\/?p=35842"},"modified":"2015-12-30T21:28:58","modified_gmt":"2015-12-30T19:28:58","slug":"asamblea-del-pueblo-celebra-su-ultima-sesion-de-su-11o-periodo-legislativo","status":"publish","type":"post","link":"https:\/\/archive.sana.sy\/es\/?p=35842","title":{"rendered":"Asamblea del Pueblo celebra su \u00faltima sesi\u00f3n de su 11\u00ba periodo legislativo"},"content":{"rendered":"<p style=\"text-align: justify\"><span style=\"color: #800000\">Damasco, SANA<\/span>&#8211; La Asamblea Popular discuti\u00f3 el mi\u00e9rcoles en su \u00faltimo per\u00edodo de sesiones para el a\u00f1o 2015 la situaci\u00f3n de servicio y los desaf\u00edos que enfrentan los sectores industriales y econ\u00f3micos debido a la guerra terrorista liberada contra el pa\u00eds.<\/p>\n<p style=\"text-align: justify\">Presidiendo la sesi\u00f3n, el presidente Mohammad Jihad al-Laham pidi\u00f3 al gobierno intensificar los esfuerzos para continuar proporcionando los servicios que prestan, y controlar la subida de los precios, as\u00ed como controlar y gestionar los mercados, evitar cualquier manipulaci\u00f3n del tipo de cambio, y combatir la corrupci\u00f3n.<\/p>\n<p style=\"text-align: justify\">Por su parte, el primer ministro Wael al-Halaqi destac\u00f3 el compromiso del gobierno de proporcionar todos los servicios a los ciudadanos, y agreg\u00f3 que la guerra terrorista contra Siria ha afectado a todos los aspectos de la vida en el pa\u00eds, lo que oblig\u00f3 al gobierno a trabajar para hacer frente a las repercusiones de esta guerra e intentar aliviar su efecto en los ciudadanos tanto como sea posible.<\/p>\n<p>Fady M., Hala B.,M.Miri.<\/p>\n","protected":false},"excerpt":{"rendered":"<p>Damasco, SANA&#8211; La Asamblea Popular discuti\u00f3 el mi\u00e9rcoles en su \u00faltimo per\u00edodo de sesiones para el a\u00f1o 2015 la situaci\u00f3n de servicio y los desaf\u00edos que enfrentan los sectores industriales y econ\u00f3micos debido a la guerra terrorista liberada contra el pa\u00eds. Presidiendo la sesi\u00f3n, el presidente Mohammad Jihad al-Laham pidi\u00f3 al gobierno intensificar los esfuerzos &hellip;<\/p>\n","protected":false},"author":1,"featured_media":35843,"comment_status":"closed","ping_status":"closed","sticky":false,"template":"","format":"standard","meta":{"footnotes":""},"categories":[477,597,476,576,7541],"tags":[7699],"class_list":["post-35842","post","type-post","status-publish","format-standard","has-post-thumbnail","","category-noticias-edulcorantes","category-cinta-de-noticias","category-locales","category-noticias-politicas","category-ultimas-noticias","tag-asamblea-del-pueblo-celebra-su-ultima-sesion-de-su-11o-periodo-legislativo"],"_links":{"self":[{"href":"https:\/\/archive.sana.sy\/es\/index.php?rest_route=\/wp\/v2\/posts\/35842"}],"collection":[{"href":"https:\/\/archive.sana.sy\/es\/index.php?rest_route=\/wp\/v2\/posts"}],"about":[{"href":"https:\/\/archive.sana.sy\/es\/index.php?rest_route=\/wp\/v2\/types\/post"}],"author":[{"embeddable":true,"href":"https:\/\/archive.sana.sy\/es\/index.php?rest_route=\/wp\/v2\/users\/1"}],"replies":[{"embeddable":true,"href":"https:\/\/archive.sana.sy\/es\/index.php?rest_route=%2Fwp%2Fv2%2Fcomments&post=35842"}],"version-history":[{"count":0,"href":"https:\/\/archive.sana.sy\/es\/index.php?rest_route=\/wp\/v2\/posts\/35842\/revisions"}],"wp:featuredmedia":[{"embeddable":true,"href":"https:\/\/archive.sana.sy\/es\/index.php?rest_route=\/wp\/v2\/media\/35843"}],"wp:attachment":[{"href":"https:\/\/archive.sana.sy\/es\/index.php?rest_route=%2Fwp%2Fv2%2Fmedia&parent=35842"}],"wp:term":[{"taxonomy":"category","embeddable":true,"href":"https:\/\/archive.sana.sy\/es\/index.php?rest_route=%2Fwp%2Fv2%2Fcategories&post=35842"},{"taxonomy":"post_tag","embeddable":true,"href":"https:\/\/archive.sana.sy\/es\/index.php?rest_route=%2Fwp%2Fv2%2Ftags&post=35842"}],"curies":[{"name":"wp","href":"https:\/\/api.w.org\/{rel}","templated":true}]}}