{"id":35847,"date":"2015-12-30T21:20:31","date_gmt":"2015-12-30T19:20:31","guid":{"rendered":"http:\/\/sana.sy\/es\/?p=35847"},"modified":"2015-12-30T21:23:05","modified_gmt":"2015-12-30T19:23:05","slug":"fuerzas-armadas-eliminan-a-cuatro-comandantes-terroristas-en-deraa","status":"publish","type":"post","link":"https:\/\/archive.sana.sy\/es\/?p=35847","title":{"rendered":"Fuerzas Armadas eliminan a cuatro comandantes terroristas en Deraa"},"content":{"rendered":"<p style=\"text-align: justify\"><span style=\"color: #800000\">Provincias, SANA-\u00a0<\/span>Ataques de las Fuerzas Armadas contra las sedes de las organizaciones takfiristas han dejado a decenas de terroristas entre muertos o heridos, adem\u00e1s de la destrucci\u00f3n de sus fortificaciones y equipos militares.<\/p>\n<p style=\"text-align: justify\"><span style=\"color: #0000ff\">Daraa<\/span><\/p>\n<p style=\"text-align: justify\">De acuerdo con una fuente militar, las unidades militares siguieron sus avances en la localidad de al-shej Meshkin en el campo norte\u00f1o de la ciudad de Daraa.<\/p>\n<p style=\"text-align: justify\">La fuente agreg\u00f3 que siete terroristas fueron eliminados a manos del ej\u00e9rcito cerca de la rotunda de la localidad de al-Shej Meskin, adem\u00e1s de la destrucci\u00f3n de 12\u00a0\u00a0veh\u00edculos en la carretera de Ebtaa en el campo norte\u00f1os de la urbe.<\/p>\n<p style=\"text-align: justify\">En el campo oriental de la provincia, las unidades militares llevaron a cabo unos operativos anti-terroristas en la localidad de al-Herak, asimismo otras unidades militares bombardearon feudos del Frente al-Nusra al oeste del edificio de la antigua aduana y en el barrio al-Manshiyah en Daraa al-Balad.<\/p>\n<p><span style=\"color: #0000ff\">Homs<\/span><\/p>\n<p style=\"text-align: justify\">Una fuente militar le inform\u00f3 a SANA que la aviaci\u00f3n militar del ej\u00e9rcito destruy\u00f3 posiciones y agrupaciones del (EI) en la carretera de Huarin-al Qaryaten situada en el campo sudeste de la provincia.<\/p>\n<p style=\"text-align: justify\">La fuente agreg\u00f3 que unidades del ej\u00e9rcito en cooperaci\u00f3n con grupos de la Defensa Popular retomaron el control completo sobre las colinas de al-Tahin al-Gsrbiyah y al-Sharquiha al suroeste de la zona de Mehsah.<\/p>\n<p style=\"text-align: justify\">En paralelo, una unidad militar frustr\u00f3 un intento de infiltraci\u00f3n hacia la zona de al-Makale en el campo de Palmira, asimismo escondites del Frente al-Nusra fueron destruidos en las zonas de al-Sen y Tansim el campo norte\u00f1o de la urbe.<\/p>\n<p style=\"text-align: justify\">Seg\u00fan la fuente, los cazas de combate destryueron feudos y agrupaciones del (EI) en las aldeas de Abu Yres y Unek al-Hawa situadas a 73 km al este de la provincia de Homs.<\/p>\n<p><span style=\"color: #0000ff\">Hama<\/span><\/p>\n<p style=\"text-align: justify\">Los cazas de combate del ej\u00e9rcito nacional realizaron una serie de incursiones contra sedes del (EI) en las zonas de Yena al-Albawe, Yeb al-Rayan y al Sen. Donde varios integrantes del grupo terrorista fueron abatidos, seg\u00fan confirm\u00f3 una fuente militar.<\/p>\n<p style=\"text-align: justify\"><span style=\"color: #0000ff\">Idlib<\/span><\/p>\n<p style=\"text-align: justify\">En la zona rural de la ciudad de Idlib las operaciones militares llevadas a cabo por las FFAA causaron la muerte a 13 terroristas del \u201cMovimiento Ahrar al-Sham\u201d en la aldea de al-Hamidiyah situada en el campo sure\u00f1o de la urbe.<\/p>\n<p style=\"text-align: justify\">De igual manera, unos veh\u00edculos equipados con ametralladoras pesadas y un carro blindado fueron destruidos en las aladeas de al-Nuker y al-Hubet:<\/p>\n<p style=\"text-align: justify\">Asimismo, una unidad del ej\u00e9rcito destruy\u00f3 un escondite del Frente al-Nusra en la zona de Ma\u00e7aret al-Numan, donde fue abatido un cabecilla del grupo terrorista, seg\u00fan confirm\u00f3-o la fuente.<\/p>\n<p><span style=\"color: #0000ff\">Sweida<\/span><\/p>\n<p style=\"text-align: justify\">De acuerdo con una fuente militar, tropas estatales destruyeron camiones y veh\u00edculos del (EI) al este de la aldea de Shaef ubicada a 34 km en el campo sudeste de la urbe.<\/p>\n<p><span style=\"color: #0000ff\">Deir ez-Zor<\/span><\/p>\n<p style=\"text-align: justify\">En la ciudad de Deir ez-Zor la aviaci\u00f3n militar siria realiz\u00f3 varias redadas contra sedes y concentraciones del (EI) en la aldea de al-Mreiyah situada a 10 km de lejos de la ciudad, donde fueron aniquilados veh\u00edculos y equipamientos b\u00e9licos del grupo terrorista., inform\u00f3-o una fuente en el terreno.<\/p>\n<p>&nbsp;<\/p>\n<p>Fady M., Hala B., M.Miri<\/p>\n","protected":false},"excerpt":{"rendered":"<p>Provincias, SANA-\u00a0Ataques de las Fuerzas Armadas contra las sedes de las organizaciones takfiristas han dejado a decenas de terroristas entre muertos o heridos, adem\u00e1s de la destrucci\u00f3n de sus fortificaciones y equipos militares. Daraa De acuerdo con una fuente militar, las unidades militares siguieron sus avances en la localidad de al-shej Meshkin en el campo &hellip;<\/p>\n","protected":false},"author":1,"featured_media":35848,"comment_status":"closed","ping_status":"closed","sticky":false,"template":"","format":"standard","meta":{"footnotes":""},"categories":[573,583,7541],"tags":[7701],"class_list":["post-35847","post","type-post","status-publish","format-standard","has-post-thumbnail","","category-la-realidad-de-los-acontecimientos-en-siria","category-slide","category-ultimas-noticias","tag-fuerzas-armadas-eliminan-a-cuatro-comandantes-terroristas-en-deraa"],"_links":{"self":[{"href":"https:\/\/archive.sana.sy\/es\/index.php?rest_route=\/wp\/v2\/posts\/35847"}],"collection":[{"href":"https:\/\/archive.sana.sy\/es\/index.php?rest_route=\/wp\/v2\/posts"}],"about":[{"href":"https:\/\/archive.sana.sy\/es\/index.php?rest_route=\/wp\/v2\/types\/post"}],"author":[{"embeddable":true,"href":"https:\/\/archive.sana.sy\/es\/index.php?rest_route=\/wp\/v2\/users\/1"}],"replies":[{"embeddable":true,"href":"https:\/\/archive.sana.sy\/es\/index.php?rest_route=%2Fwp%2Fv2%2Fcomments&post=35847"}],"version-history":[{"count":0,"href":"https:\/\/archive.sana.sy\/es\/index.php?rest_route=\/wp\/v2\/posts\/35847\/revisions"}],"wp:featuredmedia":[{"embeddable":true,"href":"https:\/\/archive.sana.sy\/es\/index.php?rest_route=\/wp\/v2\/media\/35848"}],"wp:attachment":[{"href":"https:\/\/archive.sana.sy\/es\/index.php?rest_route=%2Fwp%2Fv2%2Fmedia&parent=35847"}],"wp:term":[{"taxonomy":"category","embeddable":true,"href":"https:\/\/archive.sana.sy\/es\/index.php?rest_route=%2Fwp%2Fv2%2Fcategories&post=35847"},{"taxonomy":"post_tag","embeddable":true,"href":"https:\/\/archive.sana.sy\/es\/index.php?rest_route=%2Fwp%2Fv2%2Ftags&post=35847"}],"curies":[{"name":"wp","href":"https:\/\/api.w.org\/{rel}","templated":true}]}}