{"id":35882,"date":"2015-12-31T20:23:22","date_gmt":"2015-12-31T18:23:22","guid":{"rendered":"http:\/\/sana.sy\/es\/?p=35882"},"modified":"2015-12-31T22:27:36","modified_gmt":"2015-12-31T20:27:36","slug":"doble-atentado-terrorista-en-qamishli-deja-16-civiles-muertos-y-otros-35-heridos","status":"publish","type":"post","link":"https:\/\/archive.sana.sy\/es\/?p=35882","title":{"rendered":"Doble atentado terrorista en Qamishli deja 16 civiles muertos y otros 35 heridos"},"content":{"rendered":"<p><span style=\"color: #800000\">Hassakeh, SANA<\/span><\/p>\n<p>La cifra de v\u00edctimas de los dos atentados terroristas que se produjeron en la zona de Shyahi en el centro de la ciudad de Qamishli en la provincia de Hassakeh, ascendi\u00f3 a 16 m\u00e1rtires y m\u00e1s de 35 heridos.<\/p>\n<p>Una fuente en la gobernaci\u00f3n inform\u00f3 que dos terroristas detonaron dos artefactos explosivos en el interior de los restaurantes \u201cMiami\u201d y \u201cGabriel\u201d en Qamishli, lo que llev\u00f3 a la muerte de 16 civiles.<\/p>\n<p>La fuente agreg\u00f3 que los dos atentados terroristas provocaron considerables da\u00f1os materiales en los dos restaurantes.<\/p>\n<p>La organizaci\u00f3n terrorista del EI perpetra repetidamente ataques con coches bomba contra los barrios residenciales de la ciudad de Qamishli.<\/p>\n<p>Fady M., Hala B.<\/p>\n","protected":false},"excerpt":{"rendered":"<p>Hassakeh, SANA La cifra de v\u00edctimas de los dos atentados terroristas que se produjeron en la zona de Shyahi en el centro de la ciudad de Qamishli en la provincia de Hassakeh, ascendi\u00f3 a 16 m\u00e1rtires y m\u00e1s de 35 heridos. Una fuente en la gobernaci\u00f3n inform\u00f3 que dos terroristas detonaron dos artefactos explosivos en &hellip;<\/p>\n","protected":false},"author":1,"featured_media":35883,"comment_status":"closed","ping_status":"closed","sticky":false,"template":"","format":"standard","meta":{"footnotes":""},"categories":[477,597,476,583,7541],"tags":[7707],"class_list":["post-35882","post","type-post","status-publish","format-standard","has-post-thumbnail","","category-noticias-edulcorantes","category-cinta-de-noticias","category-locales","category-slide","category-ultimas-noticias","tag-doble-atentado-terrorista-en-qamishli-deja-16-civiles-muertos-y-otros-35-heridos"],"_links":{"self":[{"href":"https:\/\/archive.sana.sy\/es\/index.php?rest_route=\/wp\/v2\/posts\/35882"}],"collection":[{"href":"https:\/\/archive.sana.sy\/es\/index.php?rest_route=\/wp\/v2\/posts"}],"about":[{"href":"https:\/\/archive.sana.sy\/es\/index.php?rest_route=\/wp\/v2\/types\/post"}],"author":[{"embeddable":true,"href":"https:\/\/archive.sana.sy\/es\/index.php?rest_route=\/wp\/v2\/users\/1"}],"replies":[{"embeddable":true,"href":"https:\/\/archive.sana.sy\/es\/index.php?rest_route=%2Fwp%2Fv2%2Fcomments&post=35882"}],"version-history":[{"count":0,"href":"https:\/\/archive.sana.sy\/es\/index.php?rest_route=\/wp\/v2\/posts\/35882\/revisions"}],"wp:featuredmedia":[{"embeddable":true,"href":"https:\/\/archive.sana.sy\/es\/index.php?rest_route=\/wp\/v2\/media\/35883"}],"wp:attachment":[{"href":"https:\/\/archive.sana.sy\/es\/index.php?rest_route=%2Fwp%2Fv2%2Fmedia&parent=35882"}],"wp:term":[{"taxonomy":"category","embeddable":true,"href":"https:\/\/archive.sana.sy\/es\/index.php?rest_route=%2Fwp%2Fv2%2Fcategories&post=35882"},{"taxonomy":"post_tag","embeddable":true,"href":"https:\/\/archive.sana.sy\/es\/index.php?rest_route=%2Fwp%2Fv2%2Ftags&post=35882"}],"curies":[{"name":"wp","href":"https:\/\/api.w.org\/{rel}","templated":true}]}}