{"id":35888,"date":"2015-12-31T22:23:03","date_gmt":"2015-12-31T20:23:03","guid":{"rendered":"http:\/\/sana.sy\/es\/?p=35888"},"modified":"2016-01-02T17:20:38","modified_gmt":"2016-01-02T15:20:38","slug":"las-mas-destacadas-actividades-del-presidente-bashar-al-assad-durante-el-ano-2015","status":"publish","type":"post","link":"https:\/\/archive.sana.sy\/es\/?p=35888","title":{"rendered":"Las m\u00e1s destacadas actividades del presidente Bashar al Assad durante el a\u00f1o 2015"},"content":{"rendered":"<p><span style=\"color: #800000\">Damasco, SANA<\/span><\/p>\n<p>Daremos a continuaci\u00f3n las reuniones, entrevistas, visitas y otras actividades efectuadas por el presidente Bashar al-Assad durante el a\u00f1o 2015.<\/p>\n<p><span style=\"text-decoration: underline\"><span style=\"color: #0000ff;text-decoration: underline\">Enero<\/span><\/span><\/p>\n<p>&#8211; El presidente al Assad visita soldados oficiales y suboficiales del Ej\u00e9rcito \u00c1rabe Sirio en la l\u00ednea del frente en Jobar, cerca de Damasco.<\/p>\n<p>&#8211; El presidente al Assad participa en la celebraci\u00f3n religiosa por el natalicio del profeta Mahoma.<\/p>\n<p>&#8211; El presidente al Assad emite el Decreto Legislativo No. (2), que prev\u00e9 la creaci\u00f3n de la Universidad de Tartous.<\/p>\n<p>&#8211; El presidente al Assad recibe a Rostam Ghasemi, Presidente de la Comisi\u00f3n de Desarrollar las Relaciones sirio-iran\u00ed.<\/p>\n<p>&#8211; El presidente al Assad concede una entrevista al peri\u00f3dico checo \u201cEterarna Novina\u201d.<\/p>\n<p><img loading=\"lazy\" decoding=\"async\" class=\"alignnone size-medium wp-image-35891\" src=\"http:\/\/sana.sy\/es\/wp-content\/uploads\/2015\/12\/PRES2-300x210.jpg\" alt=\"PRES2\" width=\"300\" height=\"210\" srcset=\"https:\/\/archive.sana.sy\/es\/wp-content\/uploads\/2015\/12\/PRES2.jpg 300w, https:\/\/archive.sana.sy\/es\/wp-content\/uploads\/2015\/12\/PRES2-150x105.jpg 150w\" sizes=\"(max-width: 300px) 100vw, 300px\" \/><\/p>\n<p>&#8211; El presidente al Assad emite el Decreto Legislativo No. (7) que concede a los empleados civiles y militares, jubilados y contratistas, una compensaci\u00f3n mensual de 4.000 libras sirias.<\/p>\n<p>&#8211; El presidente al Assad recibe a Martin Chungong, Secretario General de la Uni\u00f3n Interparlamentaria.<\/p>\n<p>&#8211; El presidente al Assad concede una entrevista a la revista estadounidense Foreign Affairs.<\/p>\n<p><img loading=\"lazy\" decoding=\"async\" class=\"alignnone size-medium wp-image-35890\" src=\"http:\/\/sana.sy\/es\/wp-content\/uploads\/2015\/12\/PRE1-300x181.jpg\" alt=\"PRE1\" width=\"300\" height=\"181\" srcset=\"https:\/\/archive.sana.sy\/es\/wp-content\/uploads\/2015\/12\/PRE1.jpg 300w, https:\/\/archive.sana.sy\/es\/wp-content\/uploads\/2015\/12\/PRE1-150x91.jpg 150w\" sizes=\"(max-width: 300px) 100vw, 300px\" \/><\/p>\n<p><span style=\"text-decoration: underline\"><span style=\"color: #0000ff;text-decoration: underline\">Febrero<\/span><\/span><\/p>\n<p>&#8211; El Presidente al Assad recibe cartas credenciales de los nuevos embajadores de la Rep\u00fablica Federal de Rusia y de la Rep\u00fablica de Indonesia.<\/p>\n<p>&#8211; El Presidente al Assad recibe al Ministro de Relaciones Exteriores de la Rep\u00fablica de Belar\u00fas, Vladimir MacKay.<\/p>\n<p><img loading=\"lazy\" decoding=\"async\" class=\"alignnone size-medium wp-image-35892\" src=\"http:\/\/sana.sy\/es\/wp-content\/uploads\/2015\/12\/PRES3-300x131.jpg\" alt=\"PRES3\" width=\"300\" height=\"131\" srcset=\"https:\/\/archive.sana.sy\/es\/wp-content\/uploads\/2015\/12\/PRES3.jpg 300w, https:\/\/archive.sana.sy\/es\/wp-content\/uploads\/2015\/12\/PRES3-150x66.jpg 150w\" sizes=\"(max-width: 300px) 100vw, 300px\" \/><\/p>\n<p>&nbsp;<\/p>\n<p>&#8211; El presidente al Assad concede una entrevista a la cadena brit\u00e1nica BBC.<br \/>\n&#8211; El presidente al Assad recibe al Enviado Especial de las Naciones Unidas a Siria, Staffan de Mistura.<\/p>\n<p>&#8211; El presidente al Assad se re\u00fane con el Presidente del Senado de Pakist\u00e1n y Presidente de la Asamblea Parlamentaria Asi\u00e1tica Sr. Nair Hussain Bokhari.<br \/>\n&#8211; El presidente al Assad recibe a una delegaci\u00f3n francesa encabezada por el senador franc\u00e9s Jean-Pierre Vial.<\/p>\n<p><span style=\"text-decoration: underline\"><span style=\"color: #0000ff;text-decoration: underline\">Marzo<\/span><\/span><\/p>\n<p>&#8211; El presidente al Assad recibe delegaci\u00f3n de figuras pol\u00edticas, econ\u00f3micas y partidistas turcas.<\/p>\n<p>&#8211; El presidente al Assad concede una entrevista a la televisi\u00f3n oficial portuguesa RTP.<br \/>\n&#8211; El presidente al Assad recibe al viceministro de Relaciones Exteriores de la Rep\u00fablica Democr\u00e1tica de Corea, Chul Hong Sen.<\/p>\n<p>&#8211; El presidente al Assad recibe a Tayyip Nia Ali, Ministro de Econom\u00eda y Finanzas de la Rep\u00fablica Isl\u00e1mica de Ir\u00e1n.<\/p>\n<p>&#8211; Presidente al Assad recibe al Enviado Especial de Rusia, Azmatullah Komahmedov.<br \/>\n&#8211; Presidente al Assad recibe al Dr. Ibrahim al-Jaafari, ministro de Relaciones Exteriores de Irak.<\/p>\n<p>&#8211; Presidente al Assad recibe una delegaci\u00f3n parlamentaria belga encabezada por el miembro de la C\u00e1mara de Representantes, Philip Dwintr.<\/p>\n<p>&#8211; Presidente al Assad concede entrevistas a ocho medios de comunicaci\u00f3n rusos.<br \/>\n&#8211; Presidente al Assad concede una entrevista a CBS News Channel de Estados Unidos.<\/p>\n<p><img loading=\"lazy\" decoding=\"async\" class=\"alignnone size-medium wp-image-35893\" src=\"http:\/\/sana.sy\/es\/wp-content\/uploads\/2015\/12\/AZAR1-300x142.jpg\" alt=\"AZAR1\" width=\"300\" height=\"142\" srcset=\"https:\/\/archive.sana.sy\/es\/wp-content\/uploads\/2015\/12\/AZAR1.jpg 300w, https:\/\/archive.sana.sy\/es\/wp-content\/uploads\/2015\/12\/AZAR1-150x71.jpg 150w\" sizes=\"(max-width: 300px) 100vw, 300px\" \/><\/p>\n<p><span style=\"text-decoration: underline\"><span style=\"color: #0000ff;text-decoration: underline\">Abril<\/span><\/span><\/p>\n<p>&#8211; Presidente al Assad concede una entrevista al diario sueco Expressen.<br \/>\n&#8211; Presidente al Assad efect\u00faa una entrevista con el canal France 2.<\/p>\n<p><span style=\"text-decoration: underline\"><span style=\"color: #0000ff;text-decoration: underline\">Mayo<\/span><\/span><\/p>\n<p>&#8211; Presidente al Assad participa en una actividad de las escuelas de los hijos de los m\u00e1rtires dl ej\u00e9rcito sirio.<\/p>\n<p>&#8211; Presidente al Assad recibe las cartas credenciales de Khalid Ahmed Mohammed Ali como Embajador Extraordinario y Plenipotenciario de la Rep\u00fablica de Sud\u00e1n en Siria.<\/p>\n<p>&#8211; Presidente al Assad recibe al Dr. Alaeddin Boroujerdi, Presidente de la Comisi\u00f3n de Seguridad Nacional y Pol\u00edtica Exterior en el Consejo de la Shura iran\u00ed.<br \/>\n&#8211; Presidente al Assad recibe a Rostam Ghasemi, Presidente de la Comisi\u00f3n de Desarrollo de las Relaciones sirio-iran\u00edes.<\/p>\n<p>&#8211; Presidente al Assad recibe a Ali Akbar Velayati, asesor del m\u00e1ximo l\u00edder de la Revoluci\u00f3n Isl\u00e1mica en Ir\u00e1n.<\/p>\n<p>&#8211; Presidente al Assad recibe a miembros de la Secretar\u00eda General y de y los jefes de las organizaciones en el Sindicato de Maestros \u00c1rabes.<\/p>\n<p>&#8211; Presidente al Assad efect\u00faa contacto telef\u00f3nico con el comandante de los soldados sirios en el Hospital de Jesser Shugur, el coronel Mahmoud Sabha.<br \/>\n&#8211; Presidente al Assad recibe a Edward Nalbandian, el ministro de Relaciones Exteriores de la Rep\u00fablica de Armenia.<\/p>\n<p><img loading=\"lazy\" decoding=\"async\" class=\"alignnone size-medium wp-image-35894\" src=\"http:\/\/sana.sy\/es\/wp-content\/uploads\/2015\/12\/AYAR1-300x178.jpg\" alt=\"AYAR1\" width=\"300\" height=\"178\" srcset=\"https:\/\/archive.sana.sy\/es\/wp-content\/uploads\/2015\/12\/AYAR1.jpg 300w, https:\/\/archive.sana.sy\/es\/wp-content\/uploads\/2015\/12\/AYAR1-150x89.jpg 150w\" sizes=\"(max-width: 300px) 100vw, 300px\" \/><\/p>\n<p><span style=\"text-decoration: underline\"><span style=\"color: #0000ff;text-decoration: underline\">Junio<\/span><\/span><\/p>\n<p>&#8211; Presidente al Assad recibe a la delegaci\u00f3n del grupo de amistad armenio-siria en la Asamblea Nacional de la Rep\u00fablica de Armenia.<\/p>\n<p>&#8211; Presidente al Assad recibe al Santo S\u00ednodo de la Iglesia Sir\u00edaco-Ortodoxa en el mundo, encabezada por Su Santidad el Patriarca Mar Ignacio Efr\u00e9n II.<\/p>\n<p>&#8211; Presidente al Assad recibe al enviado especial de la ONU a Siria, Staffan de Mistura, y la delegaci\u00f3n que lo acompa\u00f1a.<\/p>\n<p>&#8211; Presidente al Assad recibe a los enviados del Presidente de la Rep\u00fablica de Sud\u00e1frica para Oriente Medio, Zola Skopje y Aziz Pahad.<\/p>\n<p><span style=\"text-decoration: underline\"><span style=\"color: #0000ff;text-decoration: underline\">Julio<\/span><\/span><\/p>\n<p>&#8211; Presidente al Assad emite la Ley N \u00b0 (8) que ratifica la l\u00ednea de cr\u00e9dito entre Siria e Ir\u00e1n con un valor de mil millones de d\u00f3lares.<\/p>\n<p>&#8211; Presidente al Assad recibe al diputado franc\u00e9s Jean-Fr\u00e9d\u00e9ric, miembros de la Asamblea Nacional francesa.<\/p>\n<p>&#8211; Presidente al Assad recibe al Dr. Muhammad Abdul Sattar, Ministro de Awqaf y a los miembros del Comit\u00e9 Permanente sobre el Cor\u00e1n.<\/p>\n<p>&#8211; Presidente al Assad recibe cables de felicitaciones por Eid al-Fitr.<br \/>\n&#8211; Presidente al Assad efect\u00faa el rezo del Eid en Damasco.<\/p>\n<p>&#8211; Presidente al Assad concede una amnist\u00eda general para los delitos militares.<\/p>\n<p>&#8211; Presidente al Assad pronuncia un discurso durante su reuni\u00f3n con los jefes y miembros de organizaciones populares, asociaciones profesionales y c\u00e1maras de industria, comercio, agricultura y turismo.<\/p>\n<p>&#8211; Presidente al Assad recibe a Faleh al-Fayad, Asesor de Seguridad Nacional y enviado del primer ministro iraqu\u00ed, Haider al-Abadi.<\/p>\n<p>&#8211; Presidente al Assad emite la Ley No. (15) sobre el establecimiento de tribunales penales de las provincias.<\/p>\n<p>&#8211; Presidente al Assad dirige una palabra a los soldados sirios con motivo del D\u00eda del Ej\u00e9rcito.<\/p>\n<p><img loading=\"lazy\" decoding=\"async\" class=\"alignnone size-medium wp-image-35895\" src=\"http:\/\/sana.sy\/es\/wp-content\/uploads\/2015\/12\/TAMMO1-300x218.jpg\" alt=\"TAMMO1\" width=\"300\" height=\"218\" srcset=\"https:\/\/archive.sana.sy\/es\/wp-content\/uploads\/2015\/12\/TAMMO1.jpg 300w, https:\/\/archive.sana.sy\/es\/wp-content\/uploads\/2015\/12\/TAMMO1-150x109.jpg 150w\" sizes=\"(max-width: 300px) 100vw, 300px\" \/><\/p>\n<p>&nbsp;<\/p>\n<p><img loading=\"lazy\" decoding=\"async\" class=\"alignnone size-medium wp-image-35896\" src=\"http:\/\/sana.sy\/es\/wp-content\/uploads\/2015\/12\/TAMM2-300x200.jpg\" alt=\"TAMM2\" width=\"300\" height=\"200\" srcset=\"https:\/\/archive.sana.sy\/es\/wp-content\/uploads\/2015\/12\/TAMM2.jpg 300w, https:\/\/archive.sana.sy\/es\/wp-content\/uploads\/2015\/12\/TAMM2-150x100.jpg 150w\" sizes=\"(max-width: 300px) 100vw, 300px\" \/><\/p>\n<p><span style=\"text-decoration: underline\"><span style=\"color: #0000ff;text-decoration: underline\">Agosto<\/span><\/span><\/p>\n<p>&#8211; Presidente al Assad recibe a Mohammad Javad Zarif, Ministro de Asuntos Exteriores de la Rep\u00fablica Isl\u00e1mica de Ir\u00e1n y la delegaci\u00f3n que lo acompa\u00f1a.<\/p>\n<p>&#8211; Presidente al Assad emite el Decreto No. (217) que designa a una nueva Ministra de Asuntos Sociales y a un nuevo ministro de Comercio Interior y Protecci\u00f3n del Consumidor.<\/p>\n<p>&#8211; Presidente al Assad concede una entrevista al canal liban\u00e9s Al-Manar .<\/p>\n<p><img loading=\"lazy\" decoding=\"async\" class=\"alignnone size-medium wp-image-35897\" src=\"http:\/\/sana.sy\/es\/wp-content\/uploads\/2015\/12\/AGOS-300x136.jpg\" alt=\"AGOS\" width=\"300\" height=\"136\" srcset=\"https:\/\/archive.sana.sy\/es\/wp-content\/uploads\/2015\/12\/AGOS.jpg 300w, https:\/\/archive.sana.sy\/es\/wp-content\/uploads\/2015\/12\/AGOS-150x68.jpg 150w\" sizes=\"(max-width: 300px) 100vw, 300px\" \/><br \/>\n<span style=\"text-decoration: underline\"><span style=\"color: #0000ff;text-decoration: underline\">Septiembre<\/span><\/span><\/p>\n<p>&#8211; Presidente al Assad recibe al viceministro de Exteriores iran\u00ed para Asuntos \u00c1rabes y Africanos, Dr. Hussein Amir Abdollahian.<\/p>\n<p>&#8211; Presidente al Assad concede una entrevista con varios medios de comunicaci\u00f3n rusos.<\/p>\n<p>&#8211; Presidente al Assad recibe cables de felicitaci\u00f3n por Eid al-Adha.<br \/>\n&#8211; Presidente al Assad emite el Decreto Legislativo No. (41) que estipula un aumento de 2.500 libras sirias a los salarios mensuales.<\/p>\n<p>&#8211; Presidente al Assad efect\u00faa la orgaci\u00f3n de Eid al-Adha en una mezquita en Damasco.<\/p>\n<p><span style=\"text-decoration: underline\"><span style=\"color: #0000ff;text-decoration: underline\">Octubre<\/span><\/span><\/p>\n<p>&#8211; Presidente al Assad concede una entrevista con el canal de noticias iran\u00ed, Khabar.<br \/>\n&#8211; Presidente al Assad recibe al Dr. Alaeddin Boroujerdi, Presidente de la Comisi\u00f3n de Seguridad Nacional y Pol\u00edtica Exterior en el Consejo de la Shura iran\u00ed.<\/p>\n<p>&#8211; Presidente al Assad sostiene una cumbre en Mosc\u00fa con el presidente ruso, Vladimir Putin.<\/p>\n<p>&#8211; Presidente al Assad recibe delegaci\u00f3n rusa que comprende figuras parlamentarias<br \/>\nencabezadas por Sergei Gavrilov, Presidente de la Comisi\u00f3n de Asuntos Reales en la Duma rusa.<\/p>\n<p>&#8211; Presidente al Assad recibe a Yusuf bin Alawi bin Abdullah, Ministro de Relaciones Exteriores de la Sultanato de Om\u00e1n.<\/p>\n<p>&#8211; Presidente al Assad recibe una delegaci\u00f3n parlamentaria francesa encabezada por el diputado Jean-Fr\u00e9d\u00e9ric Poisson.<\/p>\n<p><img loading=\"lazy\" decoding=\"async\" class=\"alignnone size-medium wp-image-35898\" src=\"http:\/\/sana.sy\/es\/wp-content\/uploads\/2015\/12\/TSSH-300x136.jpg\" alt=\"TSSH\" width=\"300\" height=\"136\" srcset=\"https:\/\/archive.sana.sy\/es\/wp-content\/uploads\/2015\/12\/TSSH.jpg 300w, https:\/\/archive.sana.sy\/es\/wp-content\/uploads\/2015\/12\/TSSH-150x68.jpg 150w\" sizes=\"(max-width: 300px) 100vw, 300px\" \/><\/p>\n<p><span style=\"text-decoration: underline\"><span style=\"color: #0000ff;text-decoration: underline\">Noviembre<\/span><\/span><\/p>\n<p>&#8211; Presidente al Assad env\u00eda un cable de p\u00e9same al presidente ruso, Vladimir Putin, por las v\u00edctimas rusas del avi\u00f3n que se estrell\u00f3 en el Sina\u00ed.<\/p>\n<p>&#8211; Presidente al Assad recibe una delegaci\u00f3n francesa que incluye a un n\u00famero de parlamentarios, intelectuales y periodistas, encabezada por el diputado de la Asamblea Nacional de Francia, Thierry Mariani.<\/p>\n<p>&#8211; Presidente al Assad recibe mensaje del senador estadounidense Richard Negro.<\/p>\n<p>&#8211; Presidente al Assad concede una entrevista a la televisi\u00f3n italiana Rai.<\/p>\n<p>&#8211; Presidente al Assad concede una entrevista a la revista francesa Actuelle.<\/p>\n<p>&#8211; Presidente al Assad concede una entrevista a la cadena china Phoenix.<\/p>\n<p>&#8211; Presidente al Assad emite el decreto No. (22) que determina el presupuesto del Estado para el a\u00f1o fiscal 2016.<\/p>\n<p>&#8211; Presidente al Assad recibe al Dr. Ali Akbar Velayati, el asesor del m\u00e1ximo l\u00edder de la Revoluci\u00f3n Isl\u00e1mica en Ir\u00e1n y al viceministro de Relaciones Exteriores iran\u00ed, Hossein Amir Abdollahian.<\/p>\n<p><img loading=\"lazy\" decoding=\"async\" class=\"alignnone size-medium wp-image-35899\" src=\"http:\/\/sana.sy\/es\/wp-content\/uploads\/2015\/12\/TSHH2-300x137.jpg\" alt=\"TSHH2\" width=\"300\" height=\"137\" srcset=\"https:\/\/archive.sana.sy\/es\/wp-content\/uploads\/2015\/12\/TSHH2.jpg 300w, https:\/\/archive.sana.sy\/es\/wp-content\/uploads\/2015\/12\/TSHH2-150x69.jpg 150w\" sizes=\"(max-width: 300px) 100vw, 300px\" \/><\/p>\n<p><span style=\"text-decoration: underline\"><span style=\"color: #0000ff;text-decoration: underline\">Diciembre<\/span><\/span><\/p>\n<p>&#8211; Presidente al Assad concede una entrevista a la televisi\u00f3n checa.<\/p>\n<p>&#8211; Presidente al Assad concede una entrevista al diario brit\u00e1nico Sunday Times.<\/p>\n<p>&#8211; Presidente al Assad concede una entrevista a la agencia de noticias espa\u00f1ola EFE.<\/p>\n<p>&#8211; Presidente al Assad emite el Decreto No. 310 de crear las Facultades de Arquitectura y Odontolog\u00eda de la Universidad de Tartous.<\/p>\n<p>&#8211; Presidente al Assad recibe las cartas credenciales de los nuevos embajadores de Cuba, la India y Pakist\u00e1n een Damasco.<\/p>\n<p>&#8211; Presidente al Assad concede una entrevista al canal 2 de la televisi\u00f3n estatal holandesa.<br \/>\n&#8211; Presidente al Assad participa en una ceremonia religiosa con motivo del natalicio del profeta Mahoma.<\/p>\n<p><img loading=\"lazy\" decoding=\"async\" class=\"alignnone size-medium wp-image-35900\" src=\"http:\/\/sana.sy\/es\/wp-content\/uploads\/2015\/12\/PRES33-300x211.jpg\" alt=\"PRES33\" width=\"300\" height=\"211\" srcset=\"https:\/\/archive.sana.sy\/es\/wp-content\/uploads\/2015\/12\/PRES33.jpg 300w, https:\/\/archive.sana.sy\/es\/wp-content\/uploads\/2015\/12\/PRES33-150x106.jpg 150w\" sizes=\"(max-width: 300px) 100vw, 300px\" \/><\/p>\n<p>&nbsp;<\/p>\n<p>&nbsp;<\/p>\n<p>Fady M., Hala B.<\/p>\n","protected":false},"excerpt":{"rendered":"<p>Damasco, SANA Daremos a continuaci\u00f3n las reuniones, entrevistas, visitas y otras actividades efectuadas por el presidente Bashar al-Assad durante el a\u00f1o 2015. Enero &#8211; El presidente al Assad visita soldados oficiales y suboficiales del Ej\u00e9rcito \u00c1rabe Sirio en la l\u00ednea del frente en Jobar, cerca de Damasco. &#8211; El presidente al Assad participa en la &hellip;<\/p>\n","protected":false},"author":1,"featured_media":35889,"comment_status":"closed","ping_status":"closed","sticky":false,"template":"","format":"standard","meta":{"footnotes":""},"categories":[477,476,576,583,626,7541],"tags":[7709],"class_list":["post-35888","post","type-post","status-publish","format-standard","has-post-thumbnail","","category-noticias-edulcorantes","category-locales","category-noticias-politicas","category-slide","category-sr-presidente","category-ultimas-noticias","tag-las-mas-destacadas-actividades-del-presidente-bashar-al-assad-durante-el-ano-2015"],"_links":{"self":[{"href":"https:\/\/archive.sana.sy\/es\/index.php?rest_route=\/wp\/v2\/posts\/35888"}],"collection":[{"href":"https:\/\/archive.sana.sy\/es\/index.php?rest_route=\/wp\/v2\/posts"}],"about":[{"href":"https:\/\/archive.sana.sy\/es\/index.php?rest_route=\/wp\/v2\/types\/post"}],"author":[{"embeddable":true,"href":"https:\/\/archive.sana.sy\/es\/index.php?rest_route=\/wp\/v2\/users\/1"}],"replies":[{"embeddable":true,"href":"https:\/\/archive.sana.sy\/es\/index.php?rest_route=%2Fwp%2Fv2%2Fcomments&post=35888"}],"version-history":[{"count":0,"href":"https:\/\/archive.sana.sy\/es\/index.php?rest_route=\/wp\/v2\/posts\/35888\/revisions"}],"wp:featuredmedia":[{"embeddable":true,"href":"https:\/\/archive.sana.sy\/es\/index.php?rest_route=\/wp\/v2\/media\/35889"}],"wp:attachment":[{"href":"https:\/\/archive.sana.sy\/es\/index.php?rest_route=%2Fwp%2Fv2%2Fmedia&parent=35888"}],"wp:term":[{"taxonomy":"category","embeddable":true,"href":"https:\/\/archive.sana.sy\/es\/index.php?rest_route=%2Fwp%2Fv2%2Fcategories&post=35888"},{"taxonomy":"post_tag","embeddable":true,"href":"https:\/\/archive.sana.sy\/es\/index.php?rest_route=%2Fwp%2Fv2%2Ftags&post=35888"}],"curies":[{"name":"wp","href":"https:\/\/api.w.org\/{rel}","templated":true}]}}