{"id":35910,"date":"2015-12-31T14:51:28","date_gmt":"2015-12-31T12:51:28","guid":{"rendered":"http:\/\/sana.sy\/es\/?p=35910"},"modified":"2015-12-31T14:51:28","modified_gmt":"2015-12-31T12:51:28","slug":"teheran-saluda-avances-antiterroristas-en-irak-y-siria","status":"publish","type":"post","link":"https:\/\/archive.sana.sy\/es\/?p=35910","title":{"rendered":"Teher\u00e1n saluda avances antiterroristas en Irak y Siria"},"content":{"rendered":"<p><span style=\"color: #800000\">Teher\u00e1n, SANA<\/span><\/p>\n<p>La Canciller\u00eda de la Rep\u00fablica Isl\u00e1mica de Ir\u00e1n felicit\u00f3 a los Gobiernos y las naciones de Irak y Siria por las recientes victorias y avances de sus fuerzas frente al grupo terrorista takfirista del EI.<\/p>\n<p>El vicecanciller iran\u00ed para Asuntos \u00c1rabes y Africanos, Husein Amir Abdolahian, indic\u00f3 que \u201cla independencia y la unidad nacional de Irak y Siria est\u00e1n ligadas a la continuaci\u00f3n de la lucha antiterrorista de las fuerzas armadas y populares de ambos pa\u00edses\u201d.<\/p>\n<p>A este respecto, el diplom\u00e1tico iran\u00ed destac\u00f3 la \u201cseriedad\u201d de la Rep\u00fablica Isl\u00e1mica de Ir\u00e1n a la hora de continuar apoyando a los pa\u00edses afectados por el terrorismo.<\/p>\n<p>En tanto, advirti\u00f3 a las partes que violan las resoluciones del Consejo de Seguridad de las Naciones Unidas (CSNU), con ayuda financiera y contrabandeando petr\u00f3leo, de las consecuencias de sus pol\u00edticas.<\/p>\n<p>Fady M., Hala B.<\/p>\n","protected":false},"excerpt":{"rendered":"<p>Teher\u00e1n, SANA La Canciller\u00eda de la Rep\u00fablica Isl\u00e1mica de Ir\u00e1n felicit\u00f3 a los Gobiernos y las naciones de Irak y Siria por las recientes victorias y avances de sus fuerzas frente al grupo terrorista takfirista del EI. El vicecanciller iran\u00ed para Asuntos \u00c1rabes y Africanos, Husein Amir Abdolahian, indic\u00f3 que \u201cla independencia y la unidad &hellip;<\/p>\n","protected":false},"author":1,"featured_media":35911,"comment_status":"closed","ping_status":"closed","sticky":false,"template":"","format":"standard","meta":{"footnotes":""},"categories":[597,456,457,576],"tags":[7712],"class_list":["post-35910","post","type-post","status-publish","format-standard","has-post-thumbnail","","category-cinta-de-noticias","category-arabe-internacional-politica","category-noticias-arabe-internacional-politica","category-noticias-politicas","tag-teheran-saluda-avances-antiterroristas-en-irak-y-siria"],"_links":{"self":[{"href":"https:\/\/archive.sana.sy\/es\/index.php?rest_route=\/wp\/v2\/posts\/35910"}],"collection":[{"href":"https:\/\/archive.sana.sy\/es\/index.php?rest_route=\/wp\/v2\/posts"}],"about":[{"href":"https:\/\/archive.sana.sy\/es\/index.php?rest_route=\/wp\/v2\/types\/post"}],"author":[{"embeddable":true,"href":"https:\/\/archive.sana.sy\/es\/index.php?rest_route=\/wp\/v2\/users\/1"}],"replies":[{"embeddable":true,"href":"https:\/\/archive.sana.sy\/es\/index.php?rest_route=%2Fwp%2Fv2%2Fcomments&post=35910"}],"version-history":[{"count":0,"href":"https:\/\/archive.sana.sy\/es\/index.php?rest_route=\/wp\/v2\/posts\/35910\/revisions"}],"wp:featuredmedia":[{"embeddable":true,"href":"https:\/\/archive.sana.sy\/es\/index.php?rest_route=\/wp\/v2\/media\/35911"}],"wp:attachment":[{"href":"https:\/\/archive.sana.sy\/es\/index.php?rest_route=%2Fwp%2Fv2%2Fmedia&parent=35910"}],"wp:term":[{"taxonomy":"category","embeddable":true,"href":"https:\/\/archive.sana.sy\/es\/index.php?rest_route=%2Fwp%2Fv2%2Fcategories&post=35910"},{"taxonomy":"post_tag","embeddable":true,"href":"https:\/\/archive.sana.sy\/es\/index.php?rest_route=%2Fwp%2Fv2%2Ftags&post=35910"}],"curies":[{"name":"wp","href":"https:\/\/api.w.org\/{rel}","templated":true}]}}