{"id":35918,"date":"2015-12-31T21:38:38","date_gmt":"2015-12-31T19:38:38","guid":{"rendered":"http:\/\/sana.sy\/es\/?p=35918"},"modified":"2015-12-31T22:05:43","modified_gmt":"2015-12-31T20:05:43","slug":"rusia-rechaza-alegaciones-turcas-de-atacar-civiles-en-siria","status":"publish","type":"post","link":"https:\/\/archive.sana.sy\/es\/?p=35918","title":{"rendered":"Rusia rechaza alegaciones turcas de atacar civiles en Siria"},"content":{"rendered":"<p>Mosc\u00fa-SANA<\/p>\n<p>La Canciller\u00eda de Rusia ha rechazado este jueves las informaciones \u201cfalsas\u201d que publican las autoridades turcas sobre ataques a\u00e9reos rusos contra civiles en Siria.<\/p>\n<p>En un comunicado la cancilleria rusa dijo que Ankara ha lanzado \u201cuna campa\u00f1a anti-rusa\u201d en venganza de las \u201crevelaciones\u201d que hizo Mosc\u00fa en su contra sobre actividades ilegales en el norte de Siria.<br \/>\n\u00a8Ankara est\u00e1 involucrada en actividades ilegales en Siria, incluido el \u201ccontrabando de petr\u00f3leo desde los yacimientos controlados por el grupo terrorista EIIL\u00a8, subray\u00f3 el comunicado.<\/p>\n<p>Adem\u00e1s, recalca el comunicado, que este \u201ctruco populista\u201d, no podr\u00e1n desviar la opini\u00f3n p\u00fablica sobre su \u201cacci\u00f3n destructiva\u201d en Siria.<\/p>\n<p>Yamil K.<\/p>\n","protected":false},"excerpt":{"rendered":"<p>Mosc\u00fa-SANA La Canciller\u00eda de Rusia ha rechazado este jueves las informaciones \u201cfalsas\u201d que publican las autoridades turcas sobre ataques a\u00e9reos rusos contra civiles en Siria. En un comunicado la cancilleria rusa dijo que Ankara ha lanzado \u201cuna campa\u00f1a anti-rusa\u201d en venganza de las \u201crevelaciones\u201d que hizo Mosc\u00fa en su contra sobre actividades ilegales en el &hellip;<\/p>\n","protected":false},"author":1,"featured_media":35919,"comment_status":"closed","ping_status":"closed","sticky":false,"template":"","format":"standard","meta":{"footnotes":""},"categories":[456,457,576,7541],"tags":[],"class_list":["post-35918","post","type-post","status-publish","format-standard","has-post-thumbnail","","category-arabe-internacional-politica","category-noticias-arabe-internacional-politica","category-noticias-politicas","category-ultimas-noticias"],"_links":{"self":[{"href":"https:\/\/archive.sana.sy\/es\/index.php?rest_route=\/wp\/v2\/posts\/35918"}],"collection":[{"href":"https:\/\/archive.sana.sy\/es\/index.php?rest_route=\/wp\/v2\/posts"}],"about":[{"href":"https:\/\/archive.sana.sy\/es\/index.php?rest_route=\/wp\/v2\/types\/post"}],"author":[{"embeddable":true,"href":"https:\/\/archive.sana.sy\/es\/index.php?rest_route=\/wp\/v2\/users\/1"}],"replies":[{"embeddable":true,"href":"https:\/\/archive.sana.sy\/es\/index.php?rest_route=%2Fwp%2Fv2%2Fcomments&post=35918"}],"version-history":[{"count":0,"href":"https:\/\/archive.sana.sy\/es\/index.php?rest_route=\/wp\/v2\/posts\/35918\/revisions"}],"wp:featuredmedia":[{"embeddable":true,"href":"https:\/\/archive.sana.sy\/es\/index.php?rest_route=\/wp\/v2\/media\/35919"}],"wp:attachment":[{"href":"https:\/\/archive.sana.sy\/es\/index.php?rest_route=%2Fwp%2Fv2%2Fmedia&parent=35918"}],"wp:term":[{"taxonomy":"category","embeddable":true,"href":"https:\/\/archive.sana.sy\/es\/index.php?rest_route=%2Fwp%2Fv2%2Fcategories&post=35918"},{"taxonomy":"post_tag","embeddable":true,"href":"https:\/\/archive.sana.sy\/es\/index.php?rest_route=%2Fwp%2Fv2%2Ftags&post=35918"}],"curies":[{"name":"wp","href":"https:\/\/api.w.org\/{rel}","templated":true}]}}