{"id":35921,"date":"2015-12-31T22:04:32","date_gmt":"2015-12-31T20:04:32","guid":{"rendered":"http:\/\/sana.sy\/es\/?p=35921"},"modified":"2015-12-31T22:05:57","modified_gmt":"2015-12-31T20:05:57","slug":"rusia-califica-de-terroristas-a-ejercito-del-islam-y-ahrar-al-sham","status":"publish","type":"post","link":"https:\/\/archive.sana.sy\/es\/?p=35921","title":{"rendered":"Rusia califica de \u201cterroristas\u201d a Ej\u00e9rcito del Islam y Ahrar al-Sham"},"content":{"rendered":"<p>Mosc\u00fa-SANA<\/p>\n<p>El Ministerio de Exteriores de Rusia afirm\u00f3 que las organizaciones terroristas de Ej\u00e9rcito del Islam y Ahrar al-Sham son organizaciones terroristas y agreg\u00f3 que de ninguna manera podr\u00e1n ser parte del proceso de arreglo pol\u00edtico de la crisis siria.<\/p>\n<p>El vicecanciller ruso Oleg Syromolotov, ha calificado a Yeish al-Islam y Ahrar al-Sham de grupos terroristas que deben ser erradicadas, agregando que extremistas del frente Al-Nusra, considerado por las Naciones Unidas como organizaci\u00f3n terrorista, combaten en sus filas.<br \/>\n\u201cYeish al-Islam bombardea indiscriminadamente los barrios residenciales de Damasco, y son los responsables de bombardear nuestra embajada en Damasco, adem\u00e1s de cometer masacres contra la poblaci\u00f3n civil en Adra\u00a8, destac\u00f3 el funcionario ruso.<\/p>\n<p>El funcionario ruso de alto rango tambi\u00e9n ha reiterado que los terroristas no tienen cabida alguna en el proceso de transici\u00f3n en Siria.<\/p>\n<p>Yamil K.<\/p>\n","protected":false},"excerpt":{"rendered":"<p>Mosc\u00fa-SANA El Ministerio de Exteriores de Rusia afirm\u00f3 que las organizaciones terroristas de Ej\u00e9rcito del Islam y Ahrar al-Sham son organizaciones terroristas y agreg\u00f3 que de ninguna manera podr\u00e1n ser parte del proceso de arreglo pol\u00edtico de la crisis siria. El vicecanciller ruso Oleg Syromolotov, ha calificado a Yeish al-Islam y Ahrar al-Sham de grupos &hellip;<\/p>\n","protected":false},"author":1,"featured_media":35923,"comment_status":"closed","ping_status":"closed","sticky":false,"template":"","format":"standard","meta":{"footnotes":""},"categories":[456,457,583],"tags":[],"class_list":["post-35921","post","type-post","status-publish","format-standard","has-post-thumbnail","","category-arabe-internacional-politica","category-noticias-arabe-internacional-politica","category-slide"],"_links":{"self":[{"href":"https:\/\/archive.sana.sy\/es\/index.php?rest_route=\/wp\/v2\/posts\/35921"}],"collection":[{"href":"https:\/\/archive.sana.sy\/es\/index.php?rest_route=\/wp\/v2\/posts"}],"about":[{"href":"https:\/\/archive.sana.sy\/es\/index.php?rest_route=\/wp\/v2\/types\/post"}],"author":[{"embeddable":true,"href":"https:\/\/archive.sana.sy\/es\/index.php?rest_route=\/wp\/v2\/users\/1"}],"replies":[{"embeddable":true,"href":"https:\/\/archive.sana.sy\/es\/index.php?rest_route=%2Fwp%2Fv2%2Fcomments&post=35921"}],"version-history":[{"count":0,"href":"https:\/\/archive.sana.sy\/es\/index.php?rest_route=\/wp\/v2\/posts\/35921\/revisions"}],"wp:featuredmedia":[{"embeddable":true,"href":"https:\/\/archive.sana.sy\/es\/index.php?rest_route=\/wp\/v2\/media\/35923"}],"wp:attachment":[{"href":"https:\/\/archive.sana.sy\/es\/index.php?rest_route=%2Fwp%2Fv2%2Fmedia&parent=35921"}],"wp:term":[{"taxonomy":"category","embeddable":true,"href":"https:\/\/archive.sana.sy\/es\/index.php?rest_route=%2Fwp%2Fv2%2Fcategories&post=35921"},{"taxonomy":"post_tag","embeddable":true,"href":"https:\/\/archive.sana.sy\/es\/index.php?rest_route=%2Fwp%2Fv2%2Ftags&post=35921"}],"curies":[{"name":"wp","href":"https:\/\/api.w.org\/{rel}","templated":true}]}}