{"id":35928,"date":"2016-01-02T13:07:06","date_gmt":"2016-01-02T11:07:06","guid":{"rendered":"http:\/\/sana.sy\/es\/?p=35928"},"modified":"2016-01-02T13:07:06","modified_gmt":"2016-01-02T11:07:06","slug":"ataque-en-tel-aviv-mata-a-dos-colonos-israelies","status":"publish","type":"post","link":"https:\/\/archive.sana.sy\/es\/?p=35928","title":{"rendered":"Ataque en Tel Aviv mata a dos colonos israel\u00edes"},"content":{"rendered":"<p><span style=\"color: #800000\">Jerusal\u00e9n, SANA<\/span><\/p>\n<p>Un colono israel\u00ed dispar\u00f3 el viernes sobre los clientes de un bar de la ciudad de Tel Aviv, matando a dos personas e hiriendo a siete.<\/p>\n<p>De acuerdo con el portavoz de la Polic\u00eda Sionista, se desconocen hasta el momento las motivaciones que pudo tener el autor del ataque.<\/p>\n<p>Tras los hechos, unidades de la polic\u00eda iniciaron un rastreo en la zona de los hechos en busca del agresor, quien tras el tiroteo huy\u00f3 del lugar.<\/p>\n<p>Fady M., Lynn A.<\/p>\n","protected":false},"excerpt":{"rendered":"<p>Jerusal\u00e9n, SANA Un colono israel\u00ed dispar\u00f3 el viernes sobre los clientes de un bar de la ciudad de Tel Aviv, matando a dos personas e hiriendo a siete. De acuerdo con el portavoz de la Polic\u00eda Sionista, se desconocen hasta el momento las motivaciones que pudo tener el autor del ataque. Tras los hechos, unidades &hellip;<\/p>\n","protected":false},"author":24,"featured_media":35930,"comment_status":"closed","ping_status":"closed","sticky":false,"template":"","format":"standard","meta":{"footnotes":""},"categories":[456,457,7541],"tags":[],"class_list":["post-35928","post","type-post","status-publish","format-standard","has-post-thumbnail","","category-arabe-internacional-politica","category-noticias-arabe-internacional-politica","category-ultimas-noticias"],"_links":{"self":[{"href":"https:\/\/archive.sana.sy\/es\/index.php?rest_route=\/wp\/v2\/posts\/35928"}],"collection":[{"href":"https:\/\/archive.sana.sy\/es\/index.php?rest_route=\/wp\/v2\/posts"}],"about":[{"href":"https:\/\/archive.sana.sy\/es\/index.php?rest_route=\/wp\/v2\/types\/post"}],"author":[{"embeddable":true,"href":"https:\/\/archive.sana.sy\/es\/index.php?rest_route=\/wp\/v2\/users\/24"}],"replies":[{"embeddable":true,"href":"https:\/\/archive.sana.sy\/es\/index.php?rest_route=%2Fwp%2Fv2%2Fcomments&post=35928"}],"version-history":[{"count":0,"href":"https:\/\/archive.sana.sy\/es\/index.php?rest_route=\/wp\/v2\/posts\/35928\/revisions"}],"wp:featuredmedia":[{"embeddable":true,"href":"https:\/\/archive.sana.sy\/es\/index.php?rest_route=\/wp\/v2\/media\/35930"}],"wp:attachment":[{"href":"https:\/\/archive.sana.sy\/es\/index.php?rest_route=%2Fwp%2Fv2%2Fmedia&parent=35928"}],"wp:term":[{"taxonomy":"category","embeddable":true,"href":"https:\/\/archive.sana.sy\/es\/index.php?rest_route=%2Fwp%2Fv2%2Fcategories&post=35928"},{"taxonomy":"post_tag","embeddable":true,"href":"https:\/\/archive.sana.sy\/es\/index.php?rest_route=%2Fwp%2Fv2%2Ftags&post=35928"}],"curies":[{"name":"wp","href":"https:\/\/api.w.org\/{rel}","templated":true}]}}