{"id":35932,"date":"2016-01-02T13:08:06","date_gmt":"2016-01-02T11:08:06","guid":{"rendered":"http:\/\/sana.sy\/es\/?p=35932"},"modified":"2016-01-02T13:08:06","modified_gmt":"2016-01-02T11:08:06","slug":"papa-francisco-llama-a-eliminar-la-opresion-y-la-indiferencia","status":"publish","type":"post","link":"https:\/\/archive.sana.sy\/es\/?p=35932","title":{"rendered":"Papa Francisco llama a eliminar la opresi\u00f3n y la indiferencia"},"content":{"rendered":"<p><span style=\"color: #800000\">Vaticano, SANA<\/span><br \/>\nEl papa Francisco conden\u00f3 este viernes la opresi\u00f3n del hombre por el hombre y llam\u00f3 a luchar contra la indiferencia para lograr la paz.<\/p>\n<p>Durante la homil\u00eda de la misa de A\u00f1o Nuevo efectuada en la bas\u00edlica de San Pedro, el Obispo de Roma se refiri\u00f3 al r\u00edo de miseria y violencia que crece en el mundo y pidi\u00f3 m\u00e1s solidaridad y cooperaci\u00f3n en la lucha contra las guerras, la violencia y el terrorismo.<\/p>\n<p>Francisco afirm\u00f3 que la indiferencia de quienes piensan solo en uno mismo crea barreras, sospechas, miedos y ego\u00edsmos mientras critic\u00f3 la arrogancia de los m\u00e1s fuertes que contin\u00faan humillando a los m\u00e1s d\u00e9biles, arrincon\u00e1ndolos en los m\u00e1rgenes m\u00e1s miserables.<\/p>\n<p>Durante la misa, que cont\u00f3 con un fuerte dispositivo de seguridad debido a la amenaza de acciones terroristas, el jefe de Estado del Vaticano hizo alusi\u00f3n a la maldad humana y cuestion\u00f3 hasta cuando la misma seguir\u00e1 sembrando la tierra de violencia y odio, que provocan tantas v\u00edctimas inocentes.<br \/>\nFady M., Lynn A.<\/p>\n","protected":false},"excerpt":{"rendered":"<p>Vaticano, SANA El papa Francisco conden\u00f3 este viernes la opresi\u00f3n del hombre por el hombre y llam\u00f3 a luchar contra la indiferencia para lograr la paz. Durante la homil\u00eda de la misa de A\u00f1o Nuevo efectuada en la bas\u00edlica de San Pedro, el Obispo de Roma se refiri\u00f3 al r\u00edo de miseria y violencia que &hellip;<\/p>\n","protected":false},"author":24,"featured_media":5075,"comment_status":"closed","ping_status":"closed","sticky":false,"template":"","format":"standard","meta":{"footnotes":""},"categories":[456,457,7541],"tags":[],"class_list":["post-35932","post","type-post","status-publish","format-standard","has-post-thumbnail","","category-arabe-internacional-politica","category-noticias-arabe-internacional-politica","category-ultimas-noticias"],"_links":{"self":[{"href":"https:\/\/archive.sana.sy\/es\/index.php?rest_route=\/wp\/v2\/posts\/35932"}],"collection":[{"href":"https:\/\/archive.sana.sy\/es\/index.php?rest_route=\/wp\/v2\/posts"}],"about":[{"href":"https:\/\/archive.sana.sy\/es\/index.php?rest_route=\/wp\/v2\/types\/post"}],"author":[{"embeddable":true,"href":"https:\/\/archive.sana.sy\/es\/index.php?rest_route=\/wp\/v2\/users\/24"}],"replies":[{"embeddable":true,"href":"https:\/\/archive.sana.sy\/es\/index.php?rest_route=%2Fwp%2Fv2%2Fcomments&post=35932"}],"version-history":[{"count":0,"href":"https:\/\/archive.sana.sy\/es\/index.php?rest_route=\/wp\/v2\/posts\/35932\/revisions"}],"wp:featuredmedia":[{"embeddable":true,"href":"https:\/\/archive.sana.sy\/es\/index.php?rest_route=\/wp\/v2\/media\/5075"}],"wp:attachment":[{"href":"https:\/\/archive.sana.sy\/es\/index.php?rest_route=%2Fwp%2Fv2%2Fmedia&parent=35932"}],"wp:term":[{"taxonomy":"category","embeddable":true,"href":"https:\/\/archive.sana.sy\/es\/index.php?rest_route=%2Fwp%2Fv2%2Fcategories&post=35932"},{"taxonomy":"post_tag","embeddable":true,"href":"https:\/\/archive.sana.sy\/es\/index.php?rest_route=%2Fwp%2Fv2%2Ftags&post=35932"}],"curies":[{"name":"wp","href":"https:\/\/api.w.org\/{rel}","templated":true}]}}