{"id":35934,"date":"2016-01-02T13:09:38","date_gmt":"2016-01-02T11:09:38","guid":{"rendered":"http:\/\/sana.sy\/es\/?p=35934"},"modified":"2016-01-02T13:09:38","modified_gmt":"2016-01-02T11:09:38","slug":"cuba-celebra-el-57o-aniversario-del-triunfo-de-la-revolucion","status":"publish","type":"post","link":"https:\/\/archive.sana.sy\/es\/?p=35934","title":{"rendered":"Cuba celebra el 57\u00ba aniversario del triunfo de la Revoluci\u00f3n"},"content":{"rendered":"<p><span style=\"color: #800000\">La Habana, SANA<\/span><\/p>\n<p>El pueblo cubano celebr\u00f3 el 57\u00ba aniversario del triunfo de la Revoluci\u00f3n.<\/p>\n<p>Seg\u00fan un cable publicado por la agencia cubana Prensa Latina, la Revoluci\u00f3n cubana que triunf\u00f3 en el 1 de enero de 1959 trajo una nueva realidad de justicia social para el pa\u00eds.<\/p>\n<p>M\u00e1s de medio siglo despu\u00e9s, en la naci\u00f3n caribe\u00f1a se desarrolla un proceso de actualizaci\u00f3n del modelo econ\u00f3mico y social que busca garantizar la continuidad y el fortalecimiento del sistema adoptado en la isla en aras del desarrollo nacional, bajo la premisa de un socialismo pr\u00f3spero y sostenible.<\/p>\n<p>Para los cubanos, el 1 de enero de 1959, con la consiguiente entrada triunfal -siete d\u00edas despu\u00e9s- de Fidel Castro a La Habana, represent\u00f3 el inicio de una etapa de transformaciones que pusieron fin a un sistema favorecedor de \u00e9lites pol\u00edticas y econ\u00f3micas, tras lo cual se comenz\u00f3 a crear un pa\u00eds abocado al beneficio de la mayor\u00eda de la poblaci\u00f3n.<\/p>\n<p>De ah\u00ed que una de las primeras medidas tomadas por el Ejecutivo revolucionario fuese la Ley de Reforma Agraria, que proscribi\u00f3 el latifundio con la nacionalizaci\u00f3n de las propiedades de m\u00e1s de 402 hect\u00e1reas y entreg\u00f3 la tierra a decenas de miles de campesinos.<\/p>\n<p>A esa le siguieron otras iniciativas memorables, entre ellas una campa\u00f1a de alfabetizaci\u00f3n que en apenas un a\u00f1o (1961) convirti\u00f3 a Cuba en el primer territorio libre de analfabetismo de Am\u00e9rica Latina.<\/p>\n<p>Desde entonces nada se ha detenido: m\u00e1s de medio siglo despu\u00e9s los resultados de las pol\u00edticas de corte social en Cuba son visibles, pese al bloqueo econ\u00f3mico, financiero y comercial m\u00e1s largo de la historia impuesto por Estados Unidos, y que niega a la isla inversiones, financiamiento, avances tecnol\u00f3gicos, medicinas y alimentos.<\/p>\n<p>As\u00ed entre sus muchos resultados en el \u00e1mbito sanitario, la mayor de las Antillas sobresale desde hace varios a\u00f1os por exhibir una tasa de mortalidad infantil por debajo de cinco, inferior a la de pa\u00edses desarrollados como Estados Unidos y Canad\u00e1.<\/p>\n<p>Reconocida por garantizar el acceso universal y gratuito a la salud p\u00fablica, Cuba tambi\u00e9n destaca por su Programa de Vacunaci\u00f3n, que garantiza una amplia cobertura de inmunizaci\u00f3n, permitiendo la prevenci\u00f3n de 13 enfermedades.<\/p>\n<p>Otros logros ya hist\u00f3ricos son conocidos: Cuba fue la primera naci\u00f3n de Am\u00e9rica Latina en erradicar la poliomielitis, en tanto desaparecieron adem\u00e1s enfermedades infecciosas como el paludismo, la tosferina, rubeola, t\u00e9tanos neonatal, difteria, sarampi\u00f3n, s\u00edndrome de rub\u00e9ola cong\u00e9nita y meningoencefalitis posparotiditis.<\/p>\n<p>En el \u00e1mbito educativo, una cifra nada despreciable sit\u00faa a Cuba entre los pa\u00edses que mayor porcentaje de su Producto Interno Bruto dedica a la ense\u00f1anza (13 por ciento).<\/p>\n<p>Adem\u00e1s, datos de la Unesco revelan que la Mayor de las Antillas tiene una tasa de alfabetizaci\u00f3n del 99,8 por ciento, de escolarizaci\u00f3n del 99,7 por ciento y como promedio el alumno cubano acumula el doble de conocimientos y competencias que su par latinoamericano.<\/p>\n<p>Considerada por organismos internacionales como un ejemplo de protecci\u00f3n a la infancia, la isla presta tambi\u00e9n gran atenci\u00f3n a sus j\u00f3venes, pues contribuye a la reincorporaci\u00f3n al estudio y al trabajo de aquellos desvinculados, se fomenta la formaci\u00f3n de una cultura integral y se estimula la lectura.<\/p>\n<p>En general, el pa\u00eds -que se sit\u00faa como una naci\u00f3n de alto desarrollo humano, resultado de las sostenidas pol\u00edticas de bienestar social implementadas por la Revoluci\u00f3n- ha cumplido gran parte de los Objetivos de Desarrollo del Milenio.<\/p>\n<p>Cuba alcanz\u00f3 los Objetivos N\u00famero Uno (erradicar pobreza extrema y hambre), el N\u00famero Dos (lograr ense\u00f1anza primaria universal), el N\u00famero Tres (promover igualdad entre los g\u00e9neros y empoderamiento de la mujer) y N\u00famero Cuatro (reducir la mortalidad de los ni\u00f1os menores de cinco a\u00f1os), en tanto trabaja para concretar las restantes Metas.<\/p>\n<p>Fady M., Lynn A.<\/p>\n","protected":false},"excerpt":{"rendered":"<p>La Habana, SANA El pueblo cubano celebr\u00f3 el 57\u00ba aniversario del triunfo de la Revoluci\u00f3n. Seg\u00fan un cable publicado por la agencia cubana Prensa Latina, la Revoluci\u00f3n cubana que triunf\u00f3 en el 1 de enero de 1959 trajo una nueva realidad de justicia social para el pa\u00eds. M\u00e1s de medio siglo despu\u00e9s, en la naci\u00f3n &hellip;<\/p>\n","protected":false},"author":24,"featured_media":26959,"comment_status":"closed","ping_status":"closed","sticky":false,"template":"","format":"standard","meta":{"footnotes":""},"categories":[456,457,7541],"tags":[],"class_list":["post-35934","post","type-post","status-publish","format-standard","has-post-thumbnail","","category-arabe-internacional-politica","category-noticias-arabe-internacional-politica","category-ultimas-noticias"],"_links":{"self":[{"href":"https:\/\/archive.sana.sy\/es\/index.php?rest_route=\/wp\/v2\/posts\/35934"}],"collection":[{"href":"https:\/\/archive.sana.sy\/es\/index.php?rest_route=\/wp\/v2\/posts"}],"about":[{"href":"https:\/\/archive.sana.sy\/es\/index.php?rest_route=\/wp\/v2\/types\/post"}],"author":[{"embeddable":true,"href":"https:\/\/archive.sana.sy\/es\/index.php?rest_route=\/wp\/v2\/users\/24"}],"replies":[{"embeddable":true,"href":"https:\/\/archive.sana.sy\/es\/index.php?rest_route=%2Fwp%2Fv2%2Fcomments&post=35934"}],"version-history":[{"count":0,"href":"https:\/\/archive.sana.sy\/es\/index.php?rest_route=\/wp\/v2\/posts\/35934\/revisions"}],"wp:featuredmedia":[{"embeddable":true,"href":"https:\/\/archive.sana.sy\/es\/index.php?rest_route=\/wp\/v2\/media\/26959"}],"wp:attachment":[{"href":"https:\/\/archive.sana.sy\/es\/index.php?rest_route=%2Fwp%2Fv2%2Fmedia&parent=35934"}],"wp:term":[{"taxonomy":"category","embeddable":true,"href":"https:\/\/archive.sana.sy\/es\/index.php?rest_route=%2Fwp%2Fv2%2Fcategories&post=35934"},{"taxonomy":"post_tag","embeddable":true,"href":"https:\/\/archive.sana.sy\/es\/index.php?rest_route=%2Fwp%2Fv2%2Ftags&post=35934"}],"curies":[{"name":"wp","href":"https:\/\/api.w.org\/{rel}","templated":true}]}}