{"id":35936,"date":"2016-01-02T13:11:34","date_gmt":"2016-01-02T11:11:34","guid":{"rendered":"http:\/\/sana.sy\/es\/?p=35936"},"modified":"2016-01-02T21:13:26","modified_gmt":"2016-01-02T19:13:26","slug":"patriarca-yazigi-seguiremos-sobre-nuestra-tierra-y-la-defenderemos","status":"publish","type":"post","link":"https:\/\/archive.sana.sy\/es\/?p=35936","title":{"rendered":"Patriarca Yazigi: Seguiremos sobre nuestra tierra y la defenderemos"},"content":{"rendered":"<p><span style=\"color: #800000\">Damasco, SANA-<\/span>Las comunidades cristianas en Siria organizaron ayer viernes misas y oraciones para celebrar el A\u00f1o Nuevo, en las iglesias y los lugares de culto.<\/p>\n<p style=\"text-align: justify\">En la catedral ortodoxa de Damasco, se efectu\u00f3 una Misa en la que el obispo Efr\u00e9n Maalouli ley\u00f3 el serm\u00f3n del Patriarca Yohana X Yazaji, Patriarca de Antioqu\u00eda y Todo Oriente para Greco-Ortodoxos.<\/p>\n<p style=\"text-align: justify\">\u201cNo escatimaremos v\u00eda alguna para permanecer sobre nuestra tierra y defenderla, y tocaremos las campanas en este Oriente mientras corra la sangre en nuestras venas\u201d, afirm\u00f3 el patriarca en su serm\u00f3n.<\/p>\n<p style=\"text-align: justify\">Asimismo, dijo: &#8220;Nuestra oraci\u00f3n ferviente para Siria, el L\u00edbano y el Levante y el mundo entero. Oramos y pedimos clemencia para Siria, que siempre ha vivido en paz y armon\u00eda. Oraremos por esta tierra ben\u00e9vola y su gente que est\u00e1 harta de todo tipo de extremismo, terrorismo y secuestro ciego\u201d.<\/p>\n<p style=\"text-align: justify\">El Patriarca Yazigi dirigi\u00f3 saludo y felicitaci\u00f3n al presidente Bashar al Asad con motivo del inicio del A\u00f1o Nuevo.<\/p>\n<p>&nbsp;<\/p>\n<p>Fady M., Lynn A.<\/p>\n","protected":false},"excerpt":{"rendered":"<p>Damasco, SANA-Las comunidades cristianas en Siria organizaron ayer viernes misas y oraciones para celebrar el A\u00f1o Nuevo, en las iglesias y los lugares de culto. En la catedral ortodoxa de Damasco, se efectu\u00f3 una Misa en la que el obispo Efr\u00e9n Maalouli ley\u00f3 el serm\u00f3n del Patriarca Yohana X Yazaji, Patriarca de Antioqu\u00eda y Todo &hellip;<\/p>\n","protected":false},"author":24,"featured_media":25322,"comment_status":"closed","ping_status":"closed","sticky":false,"template":"","format":"standard","meta":{"footnotes":""},"categories":[477,476,583,7541],"tags":[],"class_list":["post-35936","post","type-post","status-publish","format-standard","has-post-thumbnail","","category-noticias-edulcorantes","category-locales","category-slide","category-ultimas-noticias"],"_links":{"self":[{"href":"https:\/\/archive.sana.sy\/es\/index.php?rest_route=\/wp\/v2\/posts\/35936"}],"collection":[{"href":"https:\/\/archive.sana.sy\/es\/index.php?rest_route=\/wp\/v2\/posts"}],"about":[{"href":"https:\/\/archive.sana.sy\/es\/index.php?rest_route=\/wp\/v2\/types\/post"}],"author":[{"embeddable":true,"href":"https:\/\/archive.sana.sy\/es\/index.php?rest_route=\/wp\/v2\/users\/24"}],"replies":[{"embeddable":true,"href":"https:\/\/archive.sana.sy\/es\/index.php?rest_route=%2Fwp%2Fv2%2Fcomments&post=35936"}],"version-history":[{"count":0,"href":"https:\/\/archive.sana.sy\/es\/index.php?rest_route=\/wp\/v2\/posts\/35936\/revisions"}],"wp:featuredmedia":[{"embeddable":true,"href":"https:\/\/archive.sana.sy\/es\/index.php?rest_route=\/wp\/v2\/media\/25322"}],"wp:attachment":[{"href":"https:\/\/archive.sana.sy\/es\/index.php?rest_route=%2Fwp%2Fv2%2Fmedia&parent=35936"}],"wp:term":[{"taxonomy":"category","embeddable":true,"href":"https:\/\/archive.sana.sy\/es\/index.php?rest_route=%2Fwp%2Fv2%2Fcategories&post=35936"},{"taxonomy":"post_tag","embeddable":true,"href":"https:\/\/archive.sana.sy\/es\/index.php?rest_route=%2Fwp%2Fv2%2Ftags&post=35936"}],"curies":[{"name":"wp","href":"https:\/\/api.w.org\/{rel}","templated":true}]}}