{"id":35940,"date":"2016-01-02T09:30:48","date_gmt":"2016-01-02T07:30:48","guid":{"rendered":"http:\/\/sana.sy\/es\/?p=35940"},"modified":"2016-01-02T13:14:20","modified_gmt":"2016-01-02T11:14:20","slug":"ejercito-iraqui-avanza-contra-los-terroristas-del-ei-en-ramadi","status":"publish","type":"post","link":"https:\/\/archive.sana.sy\/es\/?p=35940","title":{"rendered":"Ej\u00e9rcito iraqu\u00ed avanza contra los terroristas del EI en Ramadi"},"content":{"rendered":"<p><span style=\"color: #800000\">Bagdad, SANA<\/span><\/p>\n<p>El Ej\u00e9rcito iraqu\u00ed mat\u00f3 a 28 terroristas de la organizaci\u00f3n terrorista del Estado Isl\u00e1mico (EI), en su operaci\u00f3n en la liberada ciudad central de Ramadi y las zonas adyacentes.<\/p>\n<p>Fuentes militares iraqu\u00edes dijeron que las fuerzas iraqu\u00edes mantienen el control de los barrios de la ciudad de Ramadi que arrebataron a los terroristas de la banda takfirista del EI, al tiempo que han iniciado una operaci\u00f3n para desactivar los artefactos explosivos dejados por los terroristas.<\/p>\n<p>Las fuentes precisaron que las tropas gubernamentales lograron repelar varios ataques de los terroristas y tambi\u00e9n mataron a 18 elementos terroristas, incluidos tres suicidas en Ramadi, capital de la provincia occidental de Al-Anbar.<\/p>\n<p>Seg\u00fan las fuentes, los terroristas perpetraron ocho ataques con coches bomba conducidos por suicidas contra una sede del Ej\u00e9rcito iraqu\u00ed y otra de la Polic\u00eda, ambas en una zona norte\u00f1a de Al-Anbar.<\/p>\n<p>Las fuerzas iraqu\u00edes neutralizaron los ataques y destruyeron a los coches bomba y mataron a los ocho suicidas antes de que alcanzaran a su objetivo.<\/p>\n<p>Fady M., Lynn A.<\/p>\n","protected":false},"excerpt":{"rendered":"<p>Bagdad, SANA El Ej\u00e9rcito iraqu\u00ed mat\u00f3 a 28 terroristas de la organizaci\u00f3n terrorista del Estado Isl\u00e1mico (EI), en su operaci\u00f3n en la liberada ciudad central de Ramadi y las zonas adyacentes. Fuentes militares iraqu\u00edes dijeron que las fuerzas iraqu\u00edes mantienen el control de los barrios de la ciudad de Ramadi que arrebataron a los terroristas &hellip;<\/p>\n","protected":false},"author":24,"featured_media":0,"comment_status":"closed","ping_status":"closed","sticky":false,"template":"","format":"standard","meta":{"footnotes":""},"categories":[456,457],"tags":[],"class_list":["post-35940","post","type-post","status-publish","format-standard","","category-arabe-internacional-politica","category-noticias-arabe-internacional-politica"],"_links":{"self":[{"href":"https:\/\/archive.sana.sy\/es\/index.php?rest_route=\/wp\/v2\/posts\/35940"}],"collection":[{"href":"https:\/\/archive.sana.sy\/es\/index.php?rest_route=\/wp\/v2\/posts"}],"about":[{"href":"https:\/\/archive.sana.sy\/es\/index.php?rest_route=\/wp\/v2\/types\/post"}],"author":[{"embeddable":true,"href":"https:\/\/archive.sana.sy\/es\/index.php?rest_route=\/wp\/v2\/users\/24"}],"replies":[{"embeddable":true,"href":"https:\/\/archive.sana.sy\/es\/index.php?rest_route=%2Fwp%2Fv2%2Fcomments&post=35940"}],"version-history":[{"count":0,"href":"https:\/\/archive.sana.sy\/es\/index.php?rest_route=\/wp\/v2\/posts\/35940\/revisions"}],"wp:attachment":[{"href":"https:\/\/archive.sana.sy\/es\/index.php?rest_route=%2Fwp%2Fv2%2Fmedia&parent=35940"}],"wp:term":[{"taxonomy":"category","embeddable":true,"href":"https:\/\/archive.sana.sy\/es\/index.php?rest_route=%2Fwp%2Fv2%2Fcategories&post=35940"},{"taxonomy":"post_tag","embeddable":true,"href":"https:\/\/archive.sana.sy\/es\/index.php?rest_route=%2Fwp%2Fv2%2Ftags&post=35940"}],"curies":[{"name":"wp","href":"https:\/\/api.w.org\/{rel}","templated":true}]}}