{"id":35947,"date":"2016-01-02T13:37:21","date_gmt":"2016-01-02T11:37:21","guid":{"rendered":"http:\/\/sana.sy\/es\/?p=35947"},"modified":"2016-01-02T19:05:14","modified_gmt":"2016-01-02T17:05:14","slug":"regimen-saudi-ejecuta-al-opositor-baqer-al-nimr-y-teheran-califica-la-ejecucion-de-un-crimen","status":"publish","type":"post","link":"https:\/\/archive.sana.sy\/es\/?p=35947","title":{"rendered":"R\u00e9gimen saud\u00ed ejecuta al opositor Baqer al Nimr y Teher\u00e1n califica la ejecuci\u00f3n de un crimen"},"content":{"rendered":"<p><span style=\"color: #800000\">Riad, SANA-<\/span>El Ministerio de Interior de Arabia Saud\u00ed anunci\u00f3 este s\u00e1bado la ejecuci\u00f3n del opositor saud\u00ed Baqer Nimr al Nimr.<\/p>\n<p style=\"text-align: justify\">El Ministerio saud\u00ed, mediante un comunicado, precis\u00f3 que junto a al Nimr, otras 46 personas fueron ejecutadas, todos, por cargos de \u201cterrorismo\u201d.<\/p>\n<p style=\"text-align: justify\">Teher\u00e1n conden\u00f3 la ejecuci\u00f3n del opositor Nimr Baqer al-Nimr por parte del r\u00e9gimen de Al Saud, y asegur\u00f3 que Arabia Saud\u00ed pagar\u00e1 un alto precio por ese crimen.<\/p>\n<p style=\"text-align: justify\">El ayatol\u00e1 Seyed Ahmad Jatami, destacado miembro de la Asamblea de Expertos de Ir\u00e1n, inculp\u00f3 al rey saud\u00ed, Salman bin Abdulaziz Al Saud, y a los jueces que emitieron la sentencia de muerte contra el sheij Al-Nimr, de ese \u201ccrimen atroz\u201d y advirti\u00f3 que Al Saud &#8220;pagar\u00e1 un alto precio&#8221; por su medida.<\/p>\n<p>&nbsp;<\/p>\n<p>Fady M., Lynn A.<\/p>\n","protected":false},"excerpt":{"rendered":"<p>Riad, SANA-El Ministerio de Interior de Arabia Saud\u00ed anunci\u00f3 este s\u00e1bado la ejecuci\u00f3n del opositor saud\u00ed Baqer Nimr al Nimr. El Ministerio saud\u00ed, mediante un comunicado, precis\u00f3 que junto a al Nimr, otras 46 personas fueron ejecutadas, todos, por cargos de \u201cterrorismo\u201d. Teher\u00e1n conden\u00f3 la ejecuci\u00f3n del opositor Nimr Baqer al-Nimr por parte del r\u00e9gimen &hellip;<\/p>\n","protected":false},"author":24,"featured_media":35948,"comment_status":"closed","ping_status":"closed","sticky":false,"template":"","format":"standard","meta":{"footnotes":""},"categories":[456,457,7541],"tags":[],"class_list":["post-35947","post","type-post","status-publish","format-standard","has-post-thumbnail","","category-arabe-internacional-politica","category-noticias-arabe-internacional-politica","category-ultimas-noticias"],"_links":{"self":[{"href":"https:\/\/archive.sana.sy\/es\/index.php?rest_route=\/wp\/v2\/posts\/35947"}],"collection":[{"href":"https:\/\/archive.sana.sy\/es\/index.php?rest_route=\/wp\/v2\/posts"}],"about":[{"href":"https:\/\/archive.sana.sy\/es\/index.php?rest_route=\/wp\/v2\/types\/post"}],"author":[{"embeddable":true,"href":"https:\/\/archive.sana.sy\/es\/index.php?rest_route=\/wp\/v2\/users\/24"}],"replies":[{"embeddable":true,"href":"https:\/\/archive.sana.sy\/es\/index.php?rest_route=%2Fwp%2Fv2%2Fcomments&post=35947"}],"version-history":[{"count":0,"href":"https:\/\/archive.sana.sy\/es\/index.php?rest_route=\/wp\/v2\/posts\/35947\/revisions"}],"wp:featuredmedia":[{"embeddable":true,"href":"https:\/\/archive.sana.sy\/es\/index.php?rest_route=\/wp\/v2\/media\/35948"}],"wp:attachment":[{"href":"https:\/\/archive.sana.sy\/es\/index.php?rest_route=%2Fwp%2Fv2%2Fmedia&parent=35947"}],"wp:term":[{"taxonomy":"category","embeddable":true,"href":"https:\/\/archive.sana.sy\/es\/index.php?rest_route=%2Fwp%2Fv2%2Fcategories&post=35947"},{"taxonomy":"post_tag","embeddable":true,"href":"https:\/\/archive.sana.sy\/es\/index.php?rest_route=%2Fwp%2Fv2%2Ftags&post=35947"}],"curies":[{"name":"wp","href":"https:\/\/api.w.org\/{rel}","templated":true}]}}