{"id":35955,"date":"2016-01-02T12:03:19","date_gmt":"2016-01-02T10:03:19","guid":{"rendered":"http:\/\/sana.sy\/es\/?p=35955"},"modified":"2016-01-02T14:16:53","modified_gmt":"2016-01-02T12:16:53","slug":"organizaciones-terroristas-revelan-muerte-de-uno-de-los-mandos-del-movimiento-de-ahrar-al-shaam","status":"publish","type":"post","link":"https:\/\/archive.sana.sy\/es\/?p=35955","title":{"rendered":"Organizaciones terroristas revelan muerte de uno de los mandos del Movimiento de Ahrar al-Shaam"},"content":{"rendered":"<p><span style=\"color: #800000\">Idleb, SANA<\/span><\/p>\n<p>Las organizaciones terroristas han anunciado este s\u00e1bado la muerte de Abdulqader al-Dabaan, uno de los mandos militares del Movimiento de &#8220;Ahrar al-Shaam&#8221;.<\/p>\n<p>En sus p\u00e1ginas en la red social, las organizaciones terroristas revelaron que la muerte de al-Dabaan se produjo tras el estallido de un artefacto explosivo sembrado por desconocidos en la carretera principal al este la localidad de Yaryanaz en el campo de Idleb.<\/p>\n<p>Cabe destacar que el Movimiento de Ahrar al-Shaam es uno de los grupos terroristas afiliados al llamado \u201cEj\u00e9rcito de Fateh\u201d, el cual recibe todo tipo de apoyo financiero y armament\u00edstico del r\u00e9gimen saud\u00ed.<\/p>\n<p>&nbsp;<\/p>\n<p>&nbsp;<\/p>\n<p>Lynn A.<\/p>\n","protected":false},"excerpt":{"rendered":"<p>Idleb, SANA Las organizaciones terroristas han anunciado este s\u00e1bado la muerte de Abdulqader al-Dabaan, uno de los mandos militares del Movimiento de &#8220;Ahrar al-Shaam&#8221;. En sus p\u00e1ginas en la red social, las organizaciones terroristas revelaron que la muerte de al-Dabaan se produjo tras el estallido de un artefacto explosivo sembrado por desconocidos en la carretera &hellip;<\/p>\n","protected":false},"author":24,"featured_media":35956,"comment_status":"closed","ping_status":"closed","sticky":false,"template":"","format":"standard","meta":{"footnotes":""},"categories":[597,573,7541],"tags":[],"class_list":["post-35955","post","type-post","status-publish","format-standard","has-post-thumbnail","","category-cinta-de-noticias","category-la-realidad-de-los-acontecimientos-en-siria","category-ultimas-noticias"],"_links":{"self":[{"href":"https:\/\/archive.sana.sy\/es\/index.php?rest_route=\/wp\/v2\/posts\/35955"}],"collection":[{"href":"https:\/\/archive.sana.sy\/es\/index.php?rest_route=\/wp\/v2\/posts"}],"about":[{"href":"https:\/\/archive.sana.sy\/es\/index.php?rest_route=\/wp\/v2\/types\/post"}],"author":[{"embeddable":true,"href":"https:\/\/archive.sana.sy\/es\/index.php?rest_route=\/wp\/v2\/users\/24"}],"replies":[{"embeddable":true,"href":"https:\/\/archive.sana.sy\/es\/index.php?rest_route=%2Fwp%2Fv2%2Fcomments&post=35955"}],"version-history":[{"count":0,"href":"https:\/\/archive.sana.sy\/es\/index.php?rest_route=\/wp\/v2\/posts\/35955\/revisions"}],"wp:featuredmedia":[{"embeddable":true,"href":"https:\/\/archive.sana.sy\/es\/index.php?rest_route=\/wp\/v2\/media\/35956"}],"wp:attachment":[{"href":"https:\/\/archive.sana.sy\/es\/index.php?rest_route=%2Fwp%2Fv2%2Fmedia&parent=35955"}],"wp:term":[{"taxonomy":"category","embeddable":true,"href":"https:\/\/archive.sana.sy\/es\/index.php?rest_route=%2Fwp%2Fv2%2Fcategories&post=35955"},{"taxonomy":"post_tag","embeddable":true,"href":"https:\/\/archive.sana.sy\/es\/index.php?rest_route=%2Fwp%2Fv2%2Ftags&post=35955"}],"curies":[{"name":"wp","href":"https:\/\/api.w.org\/{rel}","templated":true}]}}