{"id":35998,"date":"2016-01-02T19:09:28","date_gmt":"2016-01-02T17:09:28","guid":{"rendered":"http:\/\/sana.sy\/es\/?p=35998"},"modified":"2016-01-02T21:46:11","modified_gmt":"2016-01-02T19:46:11","slug":"el-ministro-de-informacion-condena-la-ejecucion-del-sheij-nimr-baqer-al-nimr","status":"publish","type":"post","link":"https:\/\/archive.sana.sy\/es\/?p=35998","title":{"rendered":"El Ministro de Informaci\u00f3n condena la ejecuci\u00f3n del sheij Nimr Baqer al-Nimr"},"content":{"rendered":"<p style=\"text-align: justify\"><span style=\"color: #800000\">Damasco, SANA<\/span>&#8211; El Ministro de Informaci\u00f3n, Omran al-Zoubi, ha condenado en\u00e9rgicamente este s\u00e1bado el \u201cejecuci\u00f3n\u201d del prominente cl\u00e9rigo el sheij Nimr Baqer al-Nimr, ejecutado por Arabia Saud\u00ed.<\/p>\n<p style=\"text-align: justify\">\u201cLa ejecuci\u00f3n de Al-Nimr y de los 47 detenidos es un \u201casesinato\u201d y \u201ccrimen atroz\u201d y que este crimen que se suma al \u201chistorial criminal\u201d de los Al Saud\u201d dijo el ministyro sirio.<\/p>\n<p style=\"text-align: justify\">El ministro de informaci\u00f3n agreg\u00f3 que las organizaciones e instituciones internacionales deben adoptar todas las medidas necesarias y oportunas contra los autores de estos cr\u00edmenes ya que \u00e9stos constituyen violaciones a los pactos y convenios internacionales.<\/p>\n<p style=\"text-align: justify\">Es de se\u00f1alar que el Ministerio de Interior de Arabia Saud\u00ed anunci\u00f3 este s\u00e1bado la ejecuci\u00f3n del opositor saud\u00ed Baqer Nimr al Nimr, junto a otras 46 personas, todos, por cargos de \u201cterrorismo\u201d.<\/p>\n<p style=\"text-align: justify\">M.Miri<\/p>\n","protected":false},"excerpt":{"rendered":"<p>Damasco, SANA&#8211; El Ministro de Informaci\u00f3n, Omran al-Zoubi, ha condenado en\u00e9rgicamente este s\u00e1bado el \u201cejecuci\u00f3n\u201d del prominente cl\u00e9rigo el sheij Nimr Baqer al-Nimr, ejecutado por Arabia Saud\u00ed. \u201cLa ejecuci\u00f3n de Al-Nimr y de los 47 detenidos es un \u201casesinato\u201d y \u201ccrimen atroz\u201d y que este crimen que se suma al \u201chistorial criminal\u201d de los Al &hellip;<\/p>\n","protected":false},"author":1,"featured_media":35999,"comment_status":"closed","ping_status":"closed","sticky":false,"template":"","format":"standard","meta":{"footnotes":""},"categories":[477,476,467,7541],"tags":[7714],"class_list":["post-35998","post","type-post","status-publish","format-standard","has-post-thumbnail","","category-noticias-edulcorantes","category-locales","category-siria-y-el-mundo","category-ultimas-noticias","tag-el-ministro-de-informacion-condena-la-ejecucion-del-sheij-nimr-baqer-al-nimr"],"_links":{"self":[{"href":"https:\/\/archive.sana.sy\/es\/index.php?rest_route=\/wp\/v2\/posts\/35998"}],"collection":[{"href":"https:\/\/archive.sana.sy\/es\/index.php?rest_route=\/wp\/v2\/posts"}],"about":[{"href":"https:\/\/archive.sana.sy\/es\/index.php?rest_route=\/wp\/v2\/types\/post"}],"author":[{"embeddable":true,"href":"https:\/\/archive.sana.sy\/es\/index.php?rest_route=\/wp\/v2\/users\/1"}],"replies":[{"embeddable":true,"href":"https:\/\/archive.sana.sy\/es\/index.php?rest_route=%2Fwp%2Fv2%2Fcomments&post=35998"}],"version-history":[{"count":0,"href":"https:\/\/archive.sana.sy\/es\/index.php?rest_route=\/wp\/v2\/posts\/35998\/revisions"}],"wp:featuredmedia":[{"embeddable":true,"href":"https:\/\/archive.sana.sy\/es\/index.php?rest_route=\/wp\/v2\/media\/35999"}],"wp:attachment":[{"href":"https:\/\/archive.sana.sy\/es\/index.php?rest_route=%2Fwp%2Fv2%2Fmedia&parent=35998"}],"wp:term":[{"taxonomy":"category","embeddable":true,"href":"https:\/\/archive.sana.sy\/es\/index.php?rest_route=%2Fwp%2Fv2%2Fcategories&post=35998"},{"taxonomy":"post_tag","embeddable":true,"href":"https:\/\/archive.sana.sy\/es\/index.php?rest_route=%2Fwp%2Fv2%2Ftags&post=35998"}],"curies":[{"name":"wp","href":"https:\/\/api.w.org\/{rel}","templated":true}]}}