{"id":36001,"date":"2016-01-02T19:49:09","date_gmt":"2016-01-02T17:49:09","guid":{"rendered":"http:\/\/sana.sy\/es\/?p=36001"},"modified":"2016-01-02T19:58:10","modified_gmt":"2016-01-02T17:58:10","slug":"entra-en-vigor-acuerdo-entre-el-vaticano-y-palestina","status":"publish","type":"post","link":"https:\/\/archive.sana.sy\/es\/?p=36001","title":{"rendered":"Entra en vigor acuerdo entre El Vaticano y Palestina"},"content":{"rendered":"<p style=\"text-align: justify\"><span style=\"color: #800000\">El Vaticano, SANA<\/span>&#8211; El Vaticano anuncia hoy la entrada en vigor del acuerdo entre la Santa Sede y el Estado de Palestina que propugna, entre otros aspectos, una soluci\u00f3n negociada y pac\u00edfica del conflicto en la regi\u00f3n.<\/p>\n<p style=\"text-align: justify\">Cuando revel\u00f3 el contenido del acuerdo el Vaticano estim\u00f3 que podr\u00eda ayudar al reconocimiento de una Palestina &#8220;independiente&#8221;.<\/p>\n<p style=\"text-align: justify\">El texto da seguimiento al Acuerdo de Base que firmaron la Santa Sede y la Organizaci\u00f3n para la Liberaci\u00f3n de Palestina (OLP) el 15 de febrero de 2000 y es resultado de las negociaciones desarrolladas por la comisi\u00f3n de trabajo bilateral durante los \u00faltimos a\u00f1os.<\/p>\n<p style=\"text-align: justify\">Hasta ahora m\u00e1s de 135 pa\u00edses han reconocido a Palestina como Estado soberano.<\/p>\n<p>M.Miri<\/p>\n","protected":false},"excerpt":{"rendered":"<p>El Vaticano, SANA&#8211; El Vaticano anuncia hoy la entrada en vigor del acuerdo entre la Santa Sede y el Estado de Palestina que propugna, entre otros aspectos, una soluci\u00f3n negociada y pac\u00edfica del conflicto en la regi\u00f3n. Cuando revel\u00f3 el contenido del acuerdo el Vaticano estim\u00f3 que podr\u00eda ayudar al reconocimiento de una Palestina &#8220;independiente&#8221;. &hellip;<\/p>\n","protected":false},"author":1,"featured_media":36004,"comment_status":"closed","ping_status":"closed","sticky":false,"template":"","format":"standard","meta":{"footnotes":""},"categories":[456,457,7541],"tags":[7715],"class_list":["post-36001","post","type-post","status-publish","format-standard","has-post-thumbnail","","category-arabe-internacional-politica","category-noticias-arabe-internacional-politica","category-ultimas-noticias","tag-entra-en-vigor-acuerdo-entre-el-vaticano-y-palestina"],"_links":{"self":[{"href":"https:\/\/archive.sana.sy\/es\/index.php?rest_route=\/wp\/v2\/posts\/36001"}],"collection":[{"href":"https:\/\/archive.sana.sy\/es\/index.php?rest_route=\/wp\/v2\/posts"}],"about":[{"href":"https:\/\/archive.sana.sy\/es\/index.php?rest_route=\/wp\/v2\/types\/post"}],"author":[{"embeddable":true,"href":"https:\/\/archive.sana.sy\/es\/index.php?rest_route=\/wp\/v2\/users\/1"}],"replies":[{"embeddable":true,"href":"https:\/\/archive.sana.sy\/es\/index.php?rest_route=%2Fwp%2Fv2%2Fcomments&post=36001"}],"version-history":[{"count":0,"href":"https:\/\/archive.sana.sy\/es\/index.php?rest_route=\/wp\/v2\/posts\/36001\/revisions"}],"wp:featuredmedia":[{"embeddable":true,"href":"https:\/\/archive.sana.sy\/es\/index.php?rest_route=\/wp\/v2\/media\/36004"}],"wp:attachment":[{"href":"https:\/\/archive.sana.sy\/es\/index.php?rest_route=%2Fwp%2Fv2%2Fmedia&parent=36001"}],"wp:term":[{"taxonomy":"category","embeddable":true,"href":"https:\/\/archive.sana.sy\/es\/index.php?rest_route=%2Fwp%2Fv2%2Fcategories&post=36001"},{"taxonomy":"post_tag","embeddable":true,"href":"https:\/\/archive.sana.sy\/es\/index.php?rest_route=%2Fwp%2Fv2%2Ftags&post=36001"}],"curies":[{"name":"wp","href":"https:\/\/api.w.org\/{rel}","templated":true}]}}