{"id":36006,"date":"2016-01-02T20:24:38","date_gmt":"2016-01-02T18:24:38","guid":{"rendered":"http:\/\/sana.sy\/es\/?p=36006"},"modified":"2016-01-02T20:47:39","modified_gmt":"2016-01-02T18:47:39","slug":"la-ue-expresa-sus-serias-inquietudes-por-la-ejecucion-del-sheij-nimr-al-nimr","status":"publish","type":"post","link":"https:\/\/archive.sana.sy\/es\/?p=36006","title":{"rendered":"La UE expresa sus &#8220;serias inquietudes&#8221; por la ejecuci\u00f3n del sheij Nimr al Nimr"},"content":{"rendered":"<p style=\"text-align: justify\"><span style=\"color: #800000\">Bruselas, SANA<\/span>&#8211; La Uni\u00f3n Europea (UE) expres\u00f3 este s\u00e1bado sus &#8220;serias inquietudes&#8221; por la ejecuci\u00f3n del sheij Nimr Baqer al-Nimr a manos\u00a0\u00a0de las autoridades sauditas.<\/p>\n<p style=\"text-align: justify\">&#8220;El caso espec\u00edfico del sheij Nimr al Nimr levanta serias inquietudes sobre la libertad de expresi\u00f3n y los derechos civiles y pol\u00edticos de base, que deben ser respetados en todos los casos, inclusive en la lucha contra el terrorismo&#8221;, declar\u00f3 la jefa de la diplomacia europea Federica Mogherini.<\/p>\n<p style=\"text-align: justify\">Philip Luther, director de Amnist\u00eda Internacional para Oriente Medio, se\u00f1al\u00f3 en una entrevista a la AFP: &#8220;las autoridades saud\u00edes dicen haber realizado estas ejecuciones para preservar la seguridad, pero la del sheij Nimr Baqer al-Nimr sugiere que las utilizan para zanjar cuentas pol\u00edticas bajo la cubierta de lucha contra el terrorismo&#8221;.<\/p>\n<p style=\"text-align: justify\">El Ministerio de interior de Arabia Saud\u00ed anunci\u00f3 que ya ejecut\u00f3 al sheij Baqer Nimr al-Nimr.<\/p>\n<p style=\"text-align: justify\">El Ministerio saud\u00ed, mediante un comunicado, precis\u00f3 que junto a Al-Nimr, otras 46 personas fueron ejecutadas acusados por cargos de terrorismo.<\/p>\n<p>M.Miri<\/p>\n","protected":false},"excerpt":{"rendered":"<p>Bruselas, SANA&#8211; La Uni\u00f3n Europea (UE) expres\u00f3 este s\u00e1bado sus &#8220;serias inquietudes&#8221; por la ejecuci\u00f3n del sheij Nimr Baqer al-Nimr a manos\u00a0\u00a0de las autoridades sauditas. &#8220;El caso espec\u00edfico del sheij Nimr al Nimr levanta serias inquietudes sobre la libertad de expresi\u00f3n y los derechos civiles y pol\u00edticos de base, que deben ser respetados en todos &hellip;<\/p>\n","protected":false},"author":1,"featured_media":36007,"comment_status":"closed","ping_status":"closed","sticky":false,"template":"","format":"standard","meta":{"footnotes":""},"categories":[456,457,7541],"tags":[7717],"class_list":["post-36006","post","type-post","status-publish","format-standard","has-post-thumbnail","","category-arabe-internacional-politica","category-noticias-arabe-internacional-politica","category-ultimas-noticias","tag-la-ue-expresa-sus-serias-inquietudes-por-la-ejecucion-del-sheij-nimr-al-nimr"],"_links":{"self":[{"href":"https:\/\/archive.sana.sy\/es\/index.php?rest_route=\/wp\/v2\/posts\/36006"}],"collection":[{"href":"https:\/\/archive.sana.sy\/es\/index.php?rest_route=\/wp\/v2\/posts"}],"about":[{"href":"https:\/\/archive.sana.sy\/es\/index.php?rest_route=\/wp\/v2\/types\/post"}],"author":[{"embeddable":true,"href":"https:\/\/archive.sana.sy\/es\/index.php?rest_route=\/wp\/v2\/users\/1"}],"replies":[{"embeddable":true,"href":"https:\/\/archive.sana.sy\/es\/index.php?rest_route=%2Fwp%2Fv2%2Fcomments&post=36006"}],"version-history":[{"count":0,"href":"https:\/\/archive.sana.sy\/es\/index.php?rest_route=\/wp\/v2\/posts\/36006\/revisions"}],"wp:featuredmedia":[{"embeddable":true,"href":"https:\/\/archive.sana.sy\/es\/index.php?rest_route=\/wp\/v2\/media\/36007"}],"wp:attachment":[{"href":"https:\/\/archive.sana.sy\/es\/index.php?rest_route=%2Fwp%2Fv2%2Fmedia&parent=36006"}],"wp:term":[{"taxonomy":"category","embeddable":true,"href":"https:\/\/archive.sana.sy\/es\/index.php?rest_route=%2Fwp%2Fv2%2Fcategories&post=36006"},{"taxonomy":"post_tag","embeddable":true,"href":"https:\/\/archive.sana.sy\/es\/index.php?rest_route=%2Fwp%2Fv2%2Ftags&post=36006"}],"curies":[{"name":"wp","href":"https:\/\/api.w.org\/{rel}","templated":true}]}}