{"id":36017,"date":"2016-01-02T22:15:00","date_gmt":"2016-01-02T20:15:00","guid":{"rendered":"http:\/\/sana.sy\/es\/?p=36017"},"modified":"2016-01-02T22:15:00","modified_gmt":"2016-01-02T20:15:00","slug":"abdolahian-riad-vuelve-a-avivar-el-fuego-de-conflictos-en-la-region","status":"publish","type":"post","link":"https:\/\/archive.sana.sy\/es\/?p=36017","title":{"rendered":"Abdolahian: Riad vuelve a avivar el fuego de conflictos en la regi\u00f3n"},"content":{"rendered":"<p style=\"text-align: justify\"><span style=\"color: #800000\">Teher\u00e1n, SANA<\/span>&#8211; El vicecanciller iran\u00ed para Asuntos \u00c1rabes y Africanos, Husein Amir Abdolahian, ha manifestado este s\u00e1bado la indignaci\u00f3n de la Rep\u00fablica Isl\u00e1mica al diplom\u00e1tico saud\u00ed por el irresponsable acto y sus consecuencias.<\/p>\n<p style=\"text-align: justify\">\u201cTodav\u00eda las autoridades saud\u00edes no reconocieron sus responsabilidades con respecto a la lamentable tragedia de Mina, que caus\u00f3 la muerte de miles de peregrinos, cuando somos nuevamente testigos de la imprudente ejecuci\u00f3n de un destacado l\u00edder religioso del mundo isl\u00e1mico, de hecho, una ofensa contra la comunidad isl\u00e1mica, un exacerbaci\u00f3n del sentir de los musulmanes y un hecho m\u00e1s para \u201c avivar el fuego\u201d de intrigas y conflictos en la regi\u00f3n\u201d, dijo el titular iran\u00ed.<\/p>\n<p style=\"text-align: justify\">Amir Abdolahian tambi\u00e9n revel\u00f3 al diplom\u00e1tico saud\u00ed los apoyos directos o indirectos de Riad al terrorismo y al extremismo en el Oriente Medio.<\/p>\n<p style=\"text-align: justify\">\u201cRiad es el principal responsable del crecimiento del terrorismo y el extremismo en la regi\u00f3n y no puede exculparse de provocar inseguridad en la regi\u00f3n con sus pol\u00edticas err\u00f3neas.<\/p>\n<p style=\"text-align: justify\">Este mismo s\u00e1bado el Ministerio saud\u00ed del Interior ha anunciado que el prominente cl\u00e9rigo hab\u00eda sido ejecutado junto a otras 46 personas, con el pretexto de estar involucradas con el \u201cterrorismo\u201d.<\/p>\n<p>M.Miri<\/p>\n","protected":false},"excerpt":{"rendered":"<p>Teher\u00e1n, SANA&#8211; El vicecanciller iran\u00ed para Asuntos \u00c1rabes y Africanos, Husein Amir Abdolahian, ha manifestado este s\u00e1bado la indignaci\u00f3n de la Rep\u00fablica Isl\u00e1mica al diplom\u00e1tico saud\u00ed por el irresponsable acto y sus consecuencias. \u201cTodav\u00eda las autoridades saud\u00edes no reconocieron sus responsabilidades con respecto a la lamentable tragedia de Mina, que caus\u00f3 la muerte de miles &hellip;<\/p>\n","protected":false},"author":1,"featured_media":17500,"comment_status":"closed","ping_status":"closed","sticky":false,"template":"","format":"standard","meta":{"footnotes":""},"categories":[456,457,7541],"tags":[],"class_list":["post-36017","post","type-post","status-publish","format-standard","has-post-thumbnail","","category-arabe-internacional-politica","category-noticias-arabe-internacional-politica","category-ultimas-noticias"],"_links":{"self":[{"href":"https:\/\/archive.sana.sy\/es\/index.php?rest_route=\/wp\/v2\/posts\/36017"}],"collection":[{"href":"https:\/\/archive.sana.sy\/es\/index.php?rest_route=\/wp\/v2\/posts"}],"about":[{"href":"https:\/\/archive.sana.sy\/es\/index.php?rest_route=\/wp\/v2\/types\/post"}],"author":[{"embeddable":true,"href":"https:\/\/archive.sana.sy\/es\/index.php?rest_route=\/wp\/v2\/users\/1"}],"replies":[{"embeddable":true,"href":"https:\/\/archive.sana.sy\/es\/index.php?rest_route=%2Fwp%2Fv2%2Fcomments&post=36017"}],"version-history":[{"count":0,"href":"https:\/\/archive.sana.sy\/es\/index.php?rest_route=\/wp\/v2\/posts\/36017\/revisions"}],"wp:featuredmedia":[{"embeddable":true,"href":"https:\/\/archive.sana.sy\/es\/index.php?rest_route=\/wp\/v2\/media\/17500"}],"wp:attachment":[{"href":"https:\/\/archive.sana.sy\/es\/index.php?rest_route=%2Fwp%2Fv2%2Fmedia&parent=36017"}],"wp:term":[{"taxonomy":"category","embeddable":true,"href":"https:\/\/archive.sana.sy\/es\/index.php?rest_route=%2Fwp%2Fv2%2Fcategories&post=36017"},{"taxonomy":"post_tag","embeddable":true,"href":"https:\/\/archive.sana.sy\/es\/index.php?rest_route=%2Fwp%2Fv2%2Ftags&post=36017"}],"curies":[{"name":"wp","href":"https:\/\/api.w.org\/{rel}","templated":true}]}}