{"id":36019,"date":"2016-01-03T12:40:54","date_gmt":"2016-01-03T10:40:54","guid":{"rendered":"http:\/\/sana.sy\/es\/?p=36019"},"modified":"2016-01-03T17:54:21","modified_gmt":"2016-01-03T15:54:21","slug":"al-moalem-visitara-la-india-el-dia-11-de-este-mes","status":"publish","type":"post","link":"https:\/\/archive.sana.sy\/es\/?p=36019","title":{"rendered":"Al Moalem visitar\u00e1 La India el d\u00eda 11 de este mes"},"content":{"rendered":"<p><strong>Damasco, SANA<\/strong><\/p>\n<p><strong>El canciller sirio Walid al Moalem realizar\u00e1 una visita de cuatro d\u00edas a La India el d\u00eda once del mes en curso.<\/strong><\/p>\n<p><strong>Durante la visita el ministro sirio debatir\u00e1 con n\u00famero de responsables indios las actuales situaciones en la regi\u00f3n y las v\u00edas \u00a0de fortalecer las relaciones bilaterales entre los dos pa\u00edses.<\/strong><\/p>\n<p>Hala B., Riad Sh.<\/p>\n","protected":false},"excerpt":{"rendered":"<p>Damasco, SANA El canciller sirio Walid al Moalem realizar\u00e1 una visita de cuatro d\u00edas a La India el d\u00eda once del mes en curso. Durante la visita el ministro sirio debatir\u00e1 con n\u00famero de responsables indios las actuales situaciones en la regi\u00f3n y las v\u00edas \u00a0de fortalecer las relaciones bilaterales entre los dos pa\u00edses. Hala &hellip;<\/p>\n","protected":false},"author":1,"featured_media":36020,"comment_status":"closed","ping_status":"closed","sticky":false,"template":"","format":"standard","meta":{"footnotes":""},"categories":[477,476,583,7541],"tags":[7718],"class_list":["post-36019","post","type-post","status-publish","format-standard","has-post-thumbnail","","category-noticias-edulcorantes","category-locales","category-slide","category-ultimas-noticias","tag-al-moalem-visitara-la-india-el-dia-11-de-este-mes"],"_links":{"self":[{"href":"https:\/\/archive.sana.sy\/es\/index.php?rest_route=\/wp\/v2\/posts\/36019"}],"collection":[{"href":"https:\/\/archive.sana.sy\/es\/index.php?rest_route=\/wp\/v2\/posts"}],"about":[{"href":"https:\/\/archive.sana.sy\/es\/index.php?rest_route=\/wp\/v2\/types\/post"}],"author":[{"embeddable":true,"href":"https:\/\/archive.sana.sy\/es\/index.php?rest_route=\/wp\/v2\/users\/1"}],"replies":[{"embeddable":true,"href":"https:\/\/archive.sana.sy\/es\/index.php?rest_route=%2Fwp%2Fv2%2Fcomments&post=36019"}],"version-history":[{"count":0,"href":"https:\/\/archive.sana.sy\/es\/index.php?rest_route=\/wp\/v2\/posts\/36019\/revisions"}],"wp:featuredmedia":[{"embeddable":true,"href":"https:\/\/archive.sana.sy\/es\/index.php?rest_route=\/wp\/v2\/media\/36020"}],"wp:attachment":[{"href":"https:\/\/archive.sana.sy\/es\/index.php?rest_route=%2Fwp%2Fv2%2Fmedia&parent=36019"}],"wp:term":[{"taxonomy":"category","embeddable":true,"href":"https:\/\/archive.sana.sy\/es\/index.php?rest_route=%2Fwp%2Fv2%2Fcategories&post=36019"},{"taxonomy":"post_tag","embeddable":true,"href":"https:\/\/archive.sana.sy\/es\/index.php?rest_route=%2Fwp%2Fv2%2Ftags&post=36019"}],"curies":[{"name":"wp","href":"https:\/\/api.w.org\/{rel}","templated":true}]}}