{"id":36022,"date":"2016-01-03T21:00:10","date_gmt":"2016-01-03T19:00:10","guid":{"rendered":"http:\/\/sana.sy\/es\/?p=36022"},"modified":"2016-01-03T21:03:54","modified_gmt":"2016-01-03T19:03:54","slug":"fuerzas-aereas-destruyen-sedes-del-ei-en-varias-zonas-del-pais","status":"publish","type":"post","link":"https:\/\/archive.sana.sy\/es\/?p=36022","title":{"rendered":"Fuerzas A\u00e9reas destruyen sedes del EI en varias zonas del pa\u00eds"},"content":{"rendered":"<p><span style=\"color: #800000\">Provicnias-SANA<\/span><\/p>\n<p>Aviones militares sirios realizaron varias incursiones contra centros de agrupaciones de terroristas, al oeste de la ciudad de Qariaten en el campo sureste de la provincia.<\/p>\n<p>Fuentes militares declararon que las incursiones causaron la destrucci\u00f3n de sedes de milicianos y sus pertrecho b\u00e9licas.<\/p>\n<p>Por otro lado, unidades del ej\u00e9rcito arrasaron con refugios y veh\u00edculos del EIIL en la monta\u00f1a de Ramlieh, Teloul Sud y Tar Kharubeh, al mismo tiempo, dirigieron golpes contra sedes de la organizaci\u00f3n terrorista en las fincas de Antabli y Rahoum y en las inmediaciones del yacimiento de Shaaer y la zona del tri\u00e1ngulo de Palmira.<\/p>\n<p>Asimismo, destacamentos de las fuerzas armadas infligieron p\u00e9rdidas a terroristas del frente Al-Nusra en el poblado de Azaldin y en la finca de Alwan.<\/p>\n<p><span style=\"color: #0000ff\">Alepo<\/span><\/p>\n<p>Seg\u00fan una fuente militar las Fuerzas A\u00e9reas sirias destruyeron\u00a0 refugios de terroristas en el poblado de Najjarah, ubicado en el este de Alepo.<\/p>\n<p><span style=\"color: #0000ff\">Deraa<\/span><\/p>\n<p>Soldados sirios devastaron escondites terroristas en el barrio Hamadin as\u00ed como destruyeron veh\u00edculos y un refugio que conten\u00eda armas en\u00a0Deraa Balad, ademas de acabar con los terroristas que estaban dentro del refugio.<\/p>\n<p>En el campo de Swieda, una unidad del ej\u00e9rcito, secundado por grupos de defensa populares, abortaron un ataque de terroristas contra el poblado de Barad, eliminando a un n\u00famero de atacantes, adem\u00e1s de destruir las armas que pose\u00edan.<\/p>\n<p>Hala B., Riad Sh.-Y.K.<\/p>\n<p>&nbsp;<\/p>\n","protected":false},"excerpt":{"rendered":"<p>Provicnias-SANA Aviones militares sirios realizaron varias incursiones contra centros de agrupaciones de terroristas, al oeste de la ciudad de Qariaten en el campo sureste de la provincia. Fuentes militares declararon que las incursiones causaron la destrucci\u00f3n de sedes de milicianos y sus pertrecho b\u00e9licas. Por otro lado, unidades del ej\u00e9rcito arrasaron con refugios y veh\u00edculos &hellip;<\/p>\n","protected":false},"author":1,"featured_media":36023,"comment_status":"closed","ping_status":"closed","sticky":false,"template":"","format":"standard","meta":{"footnotes":""},"categories":[573,583,7541],"tags":[7719],"class_list":["post-36022","post","type-post","status-publish","format-standard","has-post-thumbnail","","category-la-realidad-de-los-acontecimientos-en-siria","category-slide","category-ultimas-noticias","tag-fuerzas-aereas-destruyen-sedes-del-ei-en-varias-zonas-del-pais"],"_links":{"self":[{"href":"https:\/\/archive.sana.sy\/es\/index.php?rest_route=\/wp\/v2\/posts\/36022"}],"collection":[{"href":"https:\/\/archive.sana.sy\/es\/index.php?rest_route=\/wp\/v2\/posts"}],"about":[{"href":"https:\/\/archive.sana.sy\/es\/index.php?rest_route=\/wp\/v2\/types\/post"}],"author":[{"embeddable":true,"href":"https:\/\/archive.sana.sy\/es\/index.php?rest_route=\/wp\/v2\/users\/1"}],"replies":[{"embeddable":true,"href":"https:\/\/archive.sana.sy\/es\/index.php?rest_route=%2Fwp%2Fv2%2Fcomments&post=36022"}],"version-history":[{"count":0,"href":"https:\/\/archive.sana.sy\/es\/index.php?rest_route=\/wp\/v2\/posts\/36022\/revisions"}],"wp:featuredmedia":[{"embeddable":true,"href":"https:\/\/archive.sana.sy\/es\/index.php?rest_route=\/wp\/v2\/media\/36023"}],"wp:attachment":[{"href":"https:\/\/archive.sana.sy\/es\/index.php?rest_route=%2Fwp%2Fv2%2Fmedia&parent=36022"}],"wp:term":[{"taxonomy":"category","embeddable":true,"href":"https:\/\/archive.sana.sy\/es\/index.php?rest_route=%2Fwp%2Fv2%2Fcategories&post=36022"},{"taxonomy":"post_tag","embeddable":true,"href":"https:\/\/archive.sana.sy\/es\/index.php?rest_route=%2Fwp%2Fv2%2Ftags&post=36022"}],"curies":[{"name":"wp","href":"https:\/\/api.w.org\/{rel}","templated":true}]}}