{"id":36028,"date":"2016-01-03T21:29:44","date_gmt":"2016-01-03T19:29:44","guid":{"rendered":"http:\/\/sana.sy\/es\/?p=36028"},"modified":"2016-01-04T19:09:32","modified_gmt":"2016-01-04T17:09:32","slug":"nasrola-el-regimen-saudi-hace-caso-omiso-a-la-opinion-publica-mundial-e-islamica","status":"publish","type":"post","link":"https:\/\/archive.sana.sy\/es\/?p=36028","title":{"rendered":"Nasrol\u00e1: El r\u00e9gimen saud\u00ed hace caso omiso a la opini\u00f3n p\u00fablica mundial e isl\u00e1mica"},"content":{"rendered":"<p>Beirut-SANA<\/p>\n<p>El secretario general del Movimiento de Resistencia Isl\u00e1mica de El L\u00edbano (Hezbol\u00e1), Seyed Hasan Nasrol\u00e1, asegura que el r\u00e9gimen saud\u00ed fue fundado sobre la sangre de los \u00e1rabes.<\/p>\n<p>En un discurso televisado con motivo de la ejecuci\u00f3n del prominente cl\u00e9rigo chi\u00ed, el sheij Nimr Baqer al-Nimr por Arabia Saud\u00ed, Nasrol\u00e1 ha enfatizado que \u201cno se puede tomar a la ligera\u201d este \u201casesinato\u201d.<\/p>\n<p>El l\u00edder de Hezbol\u00e1 ha denunciado que esta ejecuci\u00f3n muestra que el r\u00e9gimen saud\u00ed no hace ning\u00fan caso a la opini\u00f3n p\u00fablica mundial e isl\u00e1mica, afirmando que esta ejecuci\u00f3n mostr\u00f3 la \u201ccara takfir\u00ed\u201d del r\u00e9gimen de Riad.<\/p>\n<p>Yamil K.<\/p>\n","protected":false},"excerpt":{"rendered":"<p>Beirut-SANA El secretario general del Movimiento de Resistencia Isl\u00e1mica de El L\u00edbano (Hezbol\u00e1), Seyed Hasan Nasrol\u00e1, asegura que el r\u00e9gimen saud\u00ed fue fundado sobre la sangre de los \u00e1rabes. En un discurso televisado con motivo de la ejecuci\u00f3n del prominente cl\u00e9rigo chi\u00ed, el sheij Nimr Baqer al-Nimr por Arabia Saud\u00ed, Nasrol\u00e1 ha enfatizado que \u201cno &hellip;<\/p>\n","protected":false},"author":1,"featured_media":36029,"comment_status":"closed","ping_status":"closed","sticky":false,"template":"","format":"standard","meta":{"footnotes":""},"categories":[456,457,576,583,7541],"tags":[],"class_list":["post-36028","post","type-post","status-publish","format-standard","has-post-thumbnail","","category-arabe-internacional-politica","category-noticias-arabe-internacional-politica","category-noticias-politicas","category-slide","category-ultimas-noticias"],"_links":{"self":[{"href":"https:\/\/archive.sana.sy\/es\/index.php?rest_route=\/wp\/v2\/posts\/36028"}],"collection":[{"href":"https:\/\/archive.sana.sy\/es\/index.php?rest_route=\/wp\/v2\/posts"}],"about":[{"href":"https:\/\/archive.sana.sy\/es\/index.php?rest_route=\/wp\/v2\/types\/post"}],"author":[{"embeddable":true,"href":"https:\/\/archive.sana.sy\/es\/index.php?rest_route=\/wp\/v2\/users\/1"}],"replies":[{"embeddable":true,"href":"https:\/\/archive.sana.sy\/es\/index.php?rest_route=%2Fwp%2Fv2%2Fcomments&post=36028"}],"version-history":[{"count":0,"href":"https:\/\/archive.sana.sy\/es\/index.php?rest_route=\/wp\/v2\/posts\/36028\/revisions"}],"wp:featuredmedia":[{"embeddable":true,"href":"https:\/\/archive.sana.sy\/es\/index.php?rest_route=\/wp\/v2\/media\/36029"}],"wp:attachment":[{"href":"https:\/\/archive.sana.sy\/es\/index.php?rest_route=%2Fwp%2Fv2%2Fmedia&parent=36028"}],"wp:term":[{"taxonomy":"category","embeddable":true,"href":"https:\/\/archive.sana.sy\/es\/index.php?rest_route=%2Fwp%2Fv2%2Fcategories&post=36028"},{"taxonomy":"post_tag","embeddable":true,"href":"https:\/\/archive.sana.sy\/es\/index.php?rest_route=%2Fwp%2Fv2%2Ftags&post=36028"}],"curies":[{"name":"wp","href":"https:\/\/api.w.org\/{rel}","templated":true}]}}