{"id":36035,"date":"2016-01-04T15:35:51","date_gmt":"2016-01-04T13:35:51","guid":{"rendered":"http:\/\/sana.sy\/es\/?p=36035"},"modified":"2016-01-04T15:35:51","modified_gmt":"2016-01-04T13:35:51","slug":"al-halqui-se-reune-con-el-embajador-de-la-india-en-damasco%d8%a7","status":"publish","type":"post","link":"https:\/\/archive.sana.sy\/es\/?p=36035","title":{"rendered":"Al-Halqui se re\u00fane con el embajador de La India en Damasco\u0627"},"content":{"rendered":"<p><strong>Damasco, SANA<\/strong><\/p>\n<p><strong>El primer ministro el Dr. Wael al-Halqui afirm\u00f3 durante su reuni\u00f3n con el embajador indio en Damasco Man Mohan Banot\u00a0 la necesidad de aprovechar las relaciones estrat\u00e9gicas en los campos econ\u00f3micos, comerciales, industriales y agr\u00edcolas.<\/strong><\/p>\n<p><strong>As\u00ed que al-Halqui valor\u00f3 el papel de los pa\u00edses del BRICS en apoyar a las causas de la regi\u00f3n y a\u00a0 Siria frente al terrorismo.<\/strong><\/p>\n<p><strong>Por su parte el embajador indio expres\u00f3 el inter\u00e9s de su gobierno en desarrollar\u00a0 las relaciones econ\u00f3micas y comerciales con Siria valorando los esfuerzos de Siria en combatir\u00a0 el terrorismo.<\/strong><\/p>\n<p>Hala B., Riad Sh.<\/p>\n<p>&nbsp;<\/p>\n","protected":false},"excerpt":{"rendered":"<p>Damasco, SANA El primer ministro el Dr. Wael al-Halqui afirm\u00f3 durante su reuni\u00f3n con el embajador indio en Damasco Man Mohan Banot\u00a0 la necesidad de aprovechar las relaciones estrat\u00e9gicas en los campos econ\u00f3micos, comerciales, industriales y agr\u00edcolas. As\u00ed que al-Halqui valor\u00f3 el papel de los pa\u00edses del BRICS en apoyar a las causas de la &hellip;<\/p>\n","protected":false},"author":1,"featured_media":36036,"comment_status":"closed","ping_status":"closed","sticky":false,"template":"","format":"standard","meta":{"footnotes":""},"categories":[477,476,7541],"tags":[7721],"class_list":["post-36035","post","type-post","status-publish","format-standard","has-post-thumbnail","","category-noticias-edulcorantes","category-locales","category-ultimas-noticias","tag-al-halqui-se-reune-con-el-embajador-de-la-india-en-damasco"],"_links":{"self":[{"href":"https:\/\/archive.sana.sy\/es\/index.php?rest_route=\/wp\/v2\/posts\/36035"}],"collection":[{"href":"https:\/\/archive.sana.sy\/es\/index.php?rest_route=\/wp\/v2\/posts"}],"about":[{"href":"https:\/\/archive.sana.sy\/es\/index.php?rest_route=\/wp\/v2\/types\/post"}],"author":[{"embeddable":true,"href":"https:\/\/archive.sana.sy\/es\/index.php?rest_route=\/wp\/v2\/users\/1"}],"replies":[{"embeddable":true,"href":"https:\/\/archive.sana.sy\/es\/index.php?rest_route=%2Fwp%2Fv2%2Fcomments&post=36035"}],"version-history":[{"count":0,"href":"https:\/\/archive.sana.sy\/es\/index.php?rest_route=\/wp\/v2\/posts\/36035\/revisions"}],"wp:featuredmedia":[{"embeddable":true,"href":"https:\/\/archive.sana.sy\/es\/index.php?rest_route=\/wp\/v2\/media\/36036"}],"wp:attachment":[{"href":"https:\/\/archive.sana.sy\/es\/index.php?rest_route=%2Fwp%2Fv2%2Fmedia&parent=36035"}],"wp:term":[{"taxonomy":"category","embeddable":true,"href":"https:\/\/archive.sana.sy\/es\/index.php?rest_route=%2Fwp%2Fv2%2Fcategories&post=36035"},{"taxonomy":"post_tag","embeddable":true,"href":"https:\/\/archive.sana.sy\/es\/index.php?rest_route=%2Fwp%2Fv2%2Ftags&post=36035"}],"curies":[{"name":"wp","href":"https:\/\/api.w.org\/{rel}","templated":true}]}}