{"id":36055,"date":"2016-01-05T11:52:49","date_gmt":"2016-01-05T09:52:49","guid":{"rendered":"http:\/\/sana.sy\/es\/?p=36055"},"modified":"2016-01-05T11:52:49","modified_gmt":"2016-01-05T09:52:49","slug":"vuelve-el-flujo-de-electricidad-a-alepo-despues-de-76-dias-de-interrupcion","status":"publish","type":"post","link":"https:\/\/archive.sana.sy\/es\/?p=36055","title":{"rendered":"Vuelve el flujo de electricidad a Alepo despu\u00e9s de 76 d\u00edas de interrupci\u00f3n"},"content":{"rendered":"<p><span style=\"color: #800000\">Alepo, SANA<\/span><\/p>\n<p>El flujo de energ\u00eda el\u00e9ctrica ha comenzado a volver gradualmente a la ciudad de Alepo despu\u00e9s de una interrupci\u00f3n que dur\u00f3 unos 76 d\u00edas.<\/p>\n<p>El Ing. Abdul Ilah Tlalini, director de la compa\u00f1\u00eda el\u00e9ctrica en Alepo, explic\u00f3 que \u201cse ha empezado gradualmente a alimentar con corriente el\u00e9ctrica a todas las \u00e1reas de Alepo despu\u00e9s de que los equipos de t\u00e9cnicos y mantenimiento hayan terminado de reparar todas las aver\u00edas en las l\u00edneas de alta tensi\u00f3n que fueron saboteadas por las agrupaciones terroristas.<\/p>\n<p>El flujo el\u00e9ctrico ha vuelto gracias a las recientes victorias que registr\u00f3 el Ej\u00e9rcito sirio que abri\u00f3 la carretera hacia Alepo y liber\u00f3 numerosas zonas en el sur y este de esa provincia norte\u00f1a de las bandas del Estado Isl\u00e1mico.<\/p>\n<p>Fady M., Hala B.<\/p>\n","protected":false},"excerpt":{"rendered":"<p>Alepo, SANA El flujo de energ\u00eda el\u00e9ctrica ha comenzado a volver gradualmente a la ciudad de Alepo despu\u00e9s de una interrupci\u00f3n que dur\u00f3 unos 76 d\u00edas. El Ing. Abdul Ilah Tlalini, director de la compa\u00f1\u00eda el\u00e9ctrica en Alepo, explic\u00f3 que \u201cse ha empezado gradualmente a alimentar con corriente el\u00e9ctrica a todas las \u00e1reas de Alepo &hellip;<\/p>\n","protected":false},"author":1,"featured_media":36056,"comment_status":"closed","ping_status":"closed","sticky":false,"template":"","format":"standard","meta":{"footnotes":""},"categories":[477,476,7541],"tags":[7722],"class_list":["post-36055","post","type-post","status-publish","format-standard","has-post-thumbnail","","category-noticias-edulcorantes","category-locales","category-ultimas-noticias","tag-vuelve-el-flujo-de-electricidad-a-alepo-despues-de-76-dias-de-interrupcion"],"_links":{"self":[{"href":"https:\/\/archive.sana.sy\/es\/index.php?rest_route=\/wp\/v2\/posts\/36055"}],"collection":[{"href":"https:\/\/archive.sana.sy\/es\/index.php?rest_route=\/wp\/v2\/posts"}],"about":[{"href":"https:\/\/archive.sana.sy\/es\/index.php?rest_route=\/wp\/v2\/types\/post"}],"author":[{"embeddable":true,"href":"https:\/\/archive.sana.sy\/es\/index.php?rest_route=\/wp\/v2\/users\/1"}],"replies":[{"embeddable":true,"href":"https:\/\/archive.sana.sy\/es\/index.php?rest_route=%2Fwp%2Fv2%2Fcomments&post=36055"}],"version-history":[{"count":0,"href":"https:\/\/archive.sana.sy\/es\/index.php?rest_route=\/wp\/v2\/posts\/36055\/revisions"}],"wp:featuredmedia":[{"embeddable":true,"href":"https:\/\/archive.sana.sy\/es\/index.php?rest_route=\/wp\/v2\/media\/36056"}],"wp:attachment":[{"href":"https:\/\/archive.sana.sy\/es\/index.php?rest_route=%2Fwp%2Fv2%2Fmedia&parent=36055"}],"wp:term":[{"taxonomy":"category","embeddable":true,"href":"https:\/\/archive.sana.sy\/es\/index.php?rest_route=%2Fwp%2Fv2%2Fcategories&post=36055"},{"taxonomy":"post_tag","embeddable":true,"href":"https:\/\/archive.sana.sy\/es\/index.php?rest_route=%2Fwp%2Fv2%2Ftags&post=36055"}],"curies":[{"name":"wp","href":"https:\/\/api.w.org\/{rel}","templated":true}]}}